{"id":31155,"date":"2025-03-23T17:26:39","date_gmt":"2025-03-23T17:26:39","guid":{"rendered":"https:\/\/hochrheinjournal-wt.de\/?p=31155"},"modified":"2025-03-23T17:26:40","modified_gmt":"2025-03-23T17:26:40","slug":"workshop-vom-korn-zum-brot","status":"publish","type":"post","link":"https:\/\/hochrheinjournal-wt.de\/?p=31155","title":{"rendered":"Workshop: Vom Korn zum Brot"},"content":{"rendered":"\n<p class=\"has-white-color has-text-color has-link-color has-medium-font-size wp-elements-1bd4abd223770dfd13837f1258254739\">Toller Workshop im Abenteuerland von den Naturp\u00e4dagoginnen Rita Cafararo und Daniela K\u00f6ble vom Familienzentrum Hochrhein.<br>F\u00fcr die meisten Kinder geh\u00f6ren Brot und Br\u00f6tchen zur allt\u00e4glichen Erfahrungswelt. Aber woher das Getreide kommt, das wissen nicht mehr so viele.<\/p>\n\n\n<div class=\"pgc-sgb-cb wp-block-pgcsimplygalleryblock-masonry \" data-gallery-id=\"b8f61571\"><div class=\"sgb-preloader\" id=\"pr_b8f61571\">\n\t<div class=\"sgb-square\" style=\"background:#d4d4d4\"><\/div>\n\t<div class=\"sgb-square\" style=\"background:#d4d4d4\"><\/div>\n\t<div class=\"sgb-square\" style=\"background:#d4d4d4\"><\/div>\n\t<div class=\"sgb-square\" style=\"background:#d4d4d4\"><\/div><\/div><div class=\"simply-gallery-amp pgc_sgb_slider \"><noscript><div class=\"sgb-gallery\"><div class=\"sgb-item\"><a href=\"https:\/\/hochrheinjournal-wt.de\/?attachment_id=31156\" target=\"_blank\"><img decoding=\"async\" alt=\"\" width=\"300\" height=\"200\" loading=\"lazy\" src=\"https:\/\/hochrheinjournal-wt.de\/wp-content\/uploads\/2025\/03\/Vom-Korn-zum-Brot-1-300x200.jpg\" srcset=\"https:\/\/hochrheinjournal-wt.de\/wp-content\/uploads\/2025\/03\/Vom-Korn-zum-Brot-1-300x200.jpg 300w,https:\/\/hochrheinjournal-wt.de\/wp-content\/uploads\/2025\/03\/Vom-Korn-zum-Brot-1-1024x682.jpg 1024w,https:\/\/hochrheinjournal-wt.de\/wp-content\/uploads\/2025\/03\/Vom-Korn-zum-Brot-1.jpg 2000w\" sizes=\"auto, 250px\"\/><\/a><\/div><div class=\"sgb-item\"><a href=\"https:\/\/hochrheinjournal-wt.de\/?attachment_id=31157\" target=\"_blank\"><img decoding=\"async\" alt=\"\" width=\"300\" height=\"200\" loading=\"lazy\" src=\"https:\/\/hochrheinjournal-wt.de\/wp-content\/uploads\/2025\/03\/Vom-Korn-zum-Brot-2-300x200.jpg\" srcset=\"https:\/\/hochrheinjournal-wt.de\/wp-content\/uploads\/2025\/03\/Vom-Korn-zum-Brot-2-300x200.jpg 300w,https:\/\/hochrheinjournal-wt.de\/wp-content\/uploads\/2025\/03\/Vom-Korn-zum-Brot-2-1024x682.jpg 1024w,https:\/\/hochrheinjournal-wt.de\/wp-content\/uploads\/2025\/03\/Vom-Korn-zum-Brot-2.jpg 2000w\" sizes=\"auto, 250px\"\/><\/a><\/div><div class=\"sgb-item\"><a href=\"https:\/\/hochrheinjournal-wt.de\/?attachment_id=31158\" target=\"_blank\"><img decoding=\"async\" alt=\"\" width=\"300\" height=\"200\" loading=\"lazy\" src=\"https:\/\/hochrheinjournal-wt.de\/wp-content\/uploads\/2025\/03\/Vom-Korn-zum-Brot-3-300x200.jpg\" srcset=\"https:\/\/hochrheinjournal-wt.de\/wp-content\/uploads\/2025\/03\/Vom-Korn-zum-Brot-3-300x200.jpg 300w,https:\/\/hochrheinjournal-wt.de\/wp-content\/uploads\/2025\/03\/Vom-Korn-zum-Brot-3-1024x682.jpg 1024w,https:\/\/hochrheinjournal-wt.de\/wp-content\/uploads\/2025\/03\/Vom-Korn-zum-Brot-3.jpg 2000w\" sizes=\"auto, 250px\"\/><\/a><\/div><div class=\"sgb-item\"><a href=\"https:\/\/hochrheinjournal-wt.de\/?attachment_id=31159\" target=\"_blank\"><img decoding=\"async\" alt=\"\" width=\"300\" height=\"200\" loading=\"lazy\" src=\"https:\/\/hochrheinjournal-wt.de\/wp-content\/uploads\/2025\/03\/Vom-Korn-zum-Brot-4-300x200.jpg\" srcset=\"https:\/\/hochrheinjournal-wt.de\/wp-content\/uploads\/2025\/03\/Vom-Korn-zum-Brot-4-300x200.jpg 300w,https:\/\/hochrheinjournal-wt.de\/wp-content\/uploads\/2025\/03\/Vom-Korn-zum-Brot-4-1024x682.jpg 1024w,https:\/\/hochrheinjournal-wt.de\/wp-content\/uploads\/2025\/03\/Vom-Korn-zum-Brot-4.jpg 2000w\" sizes=\"auto, 250px\"\/><\/a><\/div><div class=\"sgb-item\"><a href=\"https:\/\/hochrheinjournal-wt.de\/?attachment_id=31160\" target=\"_blank\"><img decoding=\"async\" alt=\"\" width=\"300\" height=\"200\" loading=\"lazy\" src=\"https:\/\/hochrheinjournal-wt.de\/wp-content\/uploads\/2025\/03\/Vom-Korn-zum-Brot-5-300x200.jpg\" srcset=\"https:\/\/hochrheinjournal-wt.de\/wp-content\/uploads\/2025\/03\/Vom-Korn-zum-Brot-5-300x200.jpg 300w,https:\/\/hochrheinjournal-wt.de\/wp-content\/uploads\/2025\/03\/Vom-Korn-zum-Brot-5-1024x682.jpg 1024w,https:\/\/hochrheinjournal-wt.de\/wp-content\/uploads\/2025\/03\/Vom-Korn-zum-Brot-5.jpg 2000w\" sizes=\"auto, 250px\"\/><\/a><\/div><div class=\"sgb-item\"><a href=\"https:\/\/hochrheinjournal-wt.de\/?attachment_id=31161\" target=\"_blank\"><img decoding=\"async\" alt=\"\" width=\"300\" height=\"200\" loading=\"lazy\" src=\"https:\/\/hochrheinjournal-wt.de\/wp-content\/uploads\/2025\/03\/Vom-Korn-zum-Brot-6-300x200.jpg\" srcset=\"https:\/\/hochrheinjournal-wt.de\/wp-content\/uploads\/2025\/03\/Vom-Korn-zum-Brot-6-300x200.jpg 300w,https:\/\/hochrheinjournal-wt.de\/wp-content\/uploads\/2025\/03\/Vom-Korn-zum-Brot-6-1024x682.jpg 1024w,https:\/\/hochrheinjournal-wt.de\/wp-content\/uploads\/2025\/03\/Vom-Korn-zum-Brot-6.jpg 2000w\" sizes=\"auto, 250px\"\/><\/a><\/div><div class=\"sgb-item\"><a href=\"https:\/\/hochrheinjournal-wt.de\/?attachment_id=31162\" target=\"_blank\"><img decoding=\"async\" alt=\"\" width=\"200\" height=\"300\" loading=\"lazy\" src=\"https:\/\/hochrheinjournal-wt.de\/wp-content\/uploads\/2025\/03\/Vom-Korn-zum-Brot-7-200x300.jpg\" srcset=\"https:\/\/hochrheinjournal-wt.de\/wp-content\/uploads\/2025\/03\/Vom-Korn-zum-Brot-7-200x300.jpg 200w,https:\/\/hochrheinjournal-wt.de\/wp-content\/uploads\/2025\/03\/Vom-Korn-zum-Brot-7-682x1024.jpg 682w,https:\/\/hochrheinjournal-wt.de\/wp-content\/uploads\/2025\/03\/Vom-Korn-zum-Brot-7.jpg 1333w\" sizes=\"auto, 250px\"\/><\/a><\/div><div class=\"sgb-item\"><a href=\"https:\/\/hochrheinjournal-wt.de\/?attachment_id=31163\" target=\"_blank\"><img decoding=\"async\" alt=\"\" width=\"300\" height=\"200\" loading=\"lazy\" src=\"https:\/\/hochrheinjournal-wt.de\/wp-content\/uploads\/2025\/03\/Vom-Korn-zum-Brot-8-300x200.jpg\" srcset=\"https:\/\/hochrheinjournal-wt.de\/wp-content\/uploads\/2025\/03\/Vom-Korn-zum-Brot-8-300x200.jpg 300w,https:\/\/hochrheinjournal-wt.de\/wp-content\/uploads\/2025\/03\/Vom-Korn-zum-Brot-8-1024x682.jpg 1024w,https:\/\/hochrheinjournal-wt.de\/wp-content\/uploads\/2025\/03\/Vom-Korn-zum-Brot-8.jpg 2000w\" sizes=\"auto, 250px\"\/><\/a><\/div><div class=\"sgb-item\"><a href=\"https:\/\/hochrheinjournal-wt.de\/?attachment_id=31164\" target=\"_blank\"><img decoding=\"async\" alt=\"\" width=\"300\" height=\"200\" loading=\"lazy\" src=\"https:\/\/hochrheinjournal-wt.de\/wp-content\/uploads\/2025\/03\/Vom-Korn-zum-Brot-9-300x200.jpg\" srcset=\"https:\/\/hochrheinjournal-wt.de\/wp-content\/uploads\/2025\/03\/Vom-Korn-zum-Brot-9-300x200.jpg 300w,https:\/\/hochrheinjournal-wt.de\/wp-content\/uploads\/2025\/03\/Vom-Korn-zum-Brot-9-1024x682.jpg 1024w,https:\/\/hochrheinjournal-wt.de\/wp-content\/uploads\/2025\/03\/Vom-Korn-zum-Brot-9.jpg 2000w\" sizes=\"auto, 250px\"\/><\/a><\/div><div class=\"sgb-item\"><a href=\"https:\/\/hochrheinjournal-wt.de\/?attachment_id=31165\" target=\"_blank\"><img decoding=\"async\" alt=\"\" width=\"200\" height=\"300\" loading=\"lazy\" src=\"https:\/\/hochrheinjournal-wt.de\/wp-content\/uploads\/2025\/03\/Vom-Korn-zum-Brot-10-200x300.jpg\" srcset=\"https:\/\/hochrheinjournal-wt.de\/wp-content\/uploads\/2025\/03\/Vom-Korn-zum-Brot-10-200x300.jpg 200w,https:\/\/hochrheinjournal-wt.de\/wp-content\/uploads\/2025\/03\/Vom-Korn-zum-Brot-10-682x1024.jpg 682w,https:\/\/hochrheinjournal-wt.de\/wp-content\/uploads\/2025\/03\/Vom-Korn-zum-Brot-10.jpg 1333w\" sizes=\"auto, 250px\"\/><\/a><\/div><div class=\"sgb-item\"><a href=\"https:\/\/hochrheinjournal-wt.de\/?attachment_id=31166\" target=\"_blank\"><img decoding=\"async\" alt=\"\" width=\"300\" height=\"200\" loading=\"lazy\" src=\"https:\/\/hochrheinjournal-wt.de\/wp-content\/uploads\/2025\/03\/Vom-Korn-zum-Brot-11-300x200.jpg\" srcset=\"https:\/\/hochrheinjournal-wt.de\/wp-content\/uploads\/2025\/03\/Vom-Korn-zum-Brot-11-300x200.jpg 300w,https:\/\/hochrheinjournal-wt.de\/wp-content\/uploads\/2025\/03\/Vom-Korn-zum-Brot-11-1024x682.jpg 1024w,https:\/\/hochrheinjournal-wt.de\/wp-content\/uploads\/2025\/03\/Vom-Korn-zum-Brot-11.jpg 2000w\" sizes=\"auto, 250px\"\/><\/a><\/div><div class=\"sgb-item\"><a href=\"https:\/\/hochrheinjournal-wt.de\/?attachment_id=31167\" target=\"_blank\"><img decoding=\"async\" alt=\"\" width=\"300\" height=\"200\" loading=\"lazy\" src=\"https:\/\/hochrheinjournal-wt.de\/wp-content\/uploads\/2025\/03\/Vom-Korn-zum-Brot-12-300x200.jpg\" srcset=\"https:\/\/hochrheinjournal-wt.de\/wp-content\/uploads\/2025\/03\/Vom-Korn-zum-Brot-12-300x200.jpg 300w,https:\/\/hochrheinjournal-wt.de\/wp-content\/uploads\/2025\/03\/Vom-Korn-zum-Brot-12-1024x682.jpg 1024w,https:\/\/hochrheinjournal-wt.de\/wp-content\/uploads\/2025\/03\/Vom-Korn-zum-Brot-12.jpg 2000w\" sizes=\"auto, 250px\"\/><\/a><\/div><div class=\"sgb-item\"><a href=\"https:\/\/hochrheinjournal-wt.de\/?attachment_id=31168\" target=\"_blank\"><img decoding=\"async\" alt=\"\" width=\"200\" height=\"300\" loading=\"lazy\" src=\"https:\/\/hochrheinjournal-wt.de\/wp-content\/uploads\/2025\/03\/Vom-Korn-zum-Brot-13-200x300.jpg\" srcset=\"https:\/\/hochrheinjournal-wt.de\/wp-content\/uploads\/2025\/03\/Vom-Korn-zum-Brot-13-200x300.jpg 200w,https:\/\/hochrheinjournal-wt.de\/wp-content\/uploads\/2025\/03\/Vom-Korn-zum-Brot-13-682x1024.jpg 682w,https:\/\/hochrheinjournal-wt.de\/wp-content\/uploads\/2025\/03\/Vom-Korn-zum-Brot-13.jpg 1333w\" sizes=\"auto, 250px\"\/><\/a><\/div><div class=\"sgb-item\"><a href=\"https:\/\/hochrheinjournal-wt.de\/?attachment_id=31169\" target=\"_blank\"><img decoding=\"async\" alt=\"\" width=\"200\" height=\"300\" loading=\"lazy\" src=\"https:\/\/hochrheinjournal-wt.de\/wp-content\/uploads\/2025\/03\/Vom-Korn-zum-Brot-14-200x300.jpg\" srcset=\"https:\/\/hochrheinjournal-wt.de\/wp-content\/uploads\/2025\/03\/Vom-Korn-zum-Brot-14-200x300.jpg 200w,https:\/\/hochrheinjournal-wt.de\/wp-content\/uploads\/2025\/03\/Vom-Korn-zum-Brot-14-682x1024.jpg 682w,https:\/\/hochrheinjournal-wt.de\/wp-content\/uploads\/2025\/03\/Vom-Korn-zum-Brot-14.jpg 1333w\" sizes=\"auto, 250px\"\/><\/a><\/div><div class=\"sgb-item\"><a href=\"https:\/\/hochrheinjournal-wt.de\/?attachment_id=31170\" target=\"_blank\"><img decoding=\"async\" alt=\"\" width=\"200\" height=\"300\" loading=\"lazy\" src=\"https:\/\/hochrheinjournal-wt.de\/wp-content\/uploads\/2025\/03\/Vom-Korn-zum-Brot-15-200x300.jpg\" srcset=\"https:\/\/hochrheinjournal-wt.de\/wp-content\/uploads\/2025\/03\/Vom-Korn-zum-Brot-15-200x300.jpg 200w,https:\/\/hochrheinjournal-wt.de\/wp-content\/uploads\/2025\/03\/Vom-Korn-zum-Brot-15-682x1024.jpg 682w,https:\/\/hochrheinjournal-wt.de\/wp-content\/uploads\/2025\/03\/Vom-Korn-zum-Brot-15.jpg 1333w\" sizes=\"auto, 250px\"\/><\/a><\/div><div class=\"sgb-item\"><a href=\"https:\/\/hochrheinjournal-wt.de\/?attachment_id=31171\" target=\"_blank\"><img decoding=\"async\" alt=\"\" width=\"200\" height=\"300\" loading=\"lazy\" src=\"https:\/\/hochrheinjournal-wt.de\/wp-content\/uploads\/2025\/03\/Vom-Korn-zum-Brot-16-200x300.jpg\" srcset=\"https:\/\/hochrheinjournal-wt.de\/wp-content\/uploads\/2025\/03\/Vom-Korn-zum-Brot-16-200x300.jpg 200w,https:\/\/hochrheinjournal-wt.de\/wp-content\/uploads\/2025\/03\/Vom-Korn-zum-Brot-16-682x1024.jpg 682w,https:\/\/hochrheinjournal-wt.de\/wp-content\/uploads\/2025\/03\/Vom-Korn-zum-Brot-16.jpg 1333w\" sizes=\"auto, 250px\"\/><\/a><\/div><div class=\"sgb-item\"><a href=\"https:\/\/hochrheinjournal-wt.de\/?attachment_id=31172\" target=\"_blank\"><img decoding=\"async\" alt=\"\" width=\"200\" height=\"300\" loading=\"lazy\" src=\"https:\/\/hochrheinjournal-wt.de\/wp-content\/uploads\/2025\/03\/Vom-Korn-zum-Brot-17-200x300.jpg\" srcset=\"https:\/\/hochrheinjournal-wt.de\/wp-content\/uploads\/2025\/03\/Vom-Korn-zum-Brot-17-200x300.jpg 200w,https:\/\/hochrheinjournal-wt.de\/wp-content\/uploads\/2025\/03\/Vom-Korn-zum-Brot-17-682x1024.jpg 682w,https:\/\/hochrheinjournal-wt.de\/wp-content\/uploads\/2025\/03\/Vom-Korn-zum-Brot-17.jpg 1333w\" sizes=\"auto, 250px\"\/><\/a><\/div><div class=\"sgb-item\"><a href=\"https:\/\/hochrheinjournal-wt.de\/?attachment_id=31173\" target=\"_blank\"><img decoding=\"async\" alt=\"\" width=\"300\" height=\"200\" loading=\"lazy\" src=\"https:\/\/hochrheinjournal-wt.de\/wp-content\/uploads\/2025\/03\/Vom-Korn-zum-Brot-18-300x200.jpg\" srcset=\"https:\/\/hochrheinjournal-wt.de\/wp-content\/uploads\/2025\/03\/Vom-Korn-zum-Brot-18-300x200.jpg 300w,https:\/\/hochrheinjournal-wt.de\/wp-content\/uploads\/2025\/03\/Vom-Korn-zum-Brot-18-1024x682.jpg 1024w,https:\/\/hochrheinjournal-wt.de\/wp-content\/uploads\/2025\/03\/Vom-Korn-zum-Brot-18.jpg 2000w\" sizes=\"auto, 250px\"\/><\/a><\/div><div class=\"sgb-item\"><a href=\"https:\/\/hochrheinjournal-wt.de\/?attachment_id=31174\" target=\"_blank\"><img decoding=\"async\" alt=\"\" width=\"300\" height=\"200\" loading=\"lazy\" src=\"https:\/\/hochrheinjournal-wt.de\/wp-content\/uploads\/2025\/03\/Vom-Korn-zum-Brot-19-300x200.jpg\" srcset=\"https:\/\/hochrheinjournal-wt.de\/wp-content\/uploads\/2025\/03\/Vom-Korn-zum-Brot-19-300x200.jpg 300w,https:\/\/hochrheinjournal-wt.de\/wp-content\/uploads\/2025\/03\/Vom-Korn-zum-Brot-19-1024x682.jpg 1024w,https:\/\/hochrheinjournal-wt.de\/wp-content\/uploads\/2025\/03\/Vom-Korn-zum-Brot-19.jpg 2000w\" sizes=\"auto, 250px\"\/><\/a><\/div><div class=\"sgb-item\"><a href=\"https:\/\/hochrheinjournal-wt.de\/?attachment_id=31175\" target=\"_blank\"><img decoding=\"async\" alt=\"\" width=\"300\" height=\"200\" loading=\"lazy\" src=\"https:\/\/hochrheinjournal-wt.de\/wp-content\/uploads\/2025\/03\/Vom-Korn-zum-Brot-20-300x200.jpg\" srcset=\"https:\/\/hochrheinjournal-wt.de\/wp-content\/uploads\/2025\/03\/Vom-Korn-zum-Brot-20-300x200.jpg 300w,https:\/\/hochrheinjournal-wt.de\/wp-content\/uploads\/2025\/03\/Vom-Korn-zum-Brot-20-1024x682.jpg 1024w,https:\/\/hochrheinjournal-wt.de\/wp-content\/uploads\/2025\/03\/Vom-Korn-zum-Brot-20.jpg 2000w\" sizes=\"auto, 250px\"\/><\/a><\/div><div class=\"sgb-item\"><a href=\"https:\/\/hochrheinjournal-wt.de\/?attachment_id=31182\" target=\"_blank\"><img decoding=\"async\" alt=\"\" width=\"300\" height=\"200\" loading=\"lazy\" src=\"https:\/\/hochrheinjournal-wt.de\/wp-content\/uploads\/2025\/03\/Vom-Korn-zum-Brot-27-300x200.jpg\" srcset=\"https:\/\/hochrheinjournal-wt.de\/wp-content\/uploads\/2025\/03\/Vom-Korn-zum-Brot-27-300x200.jpg 300w,https:\/\/hochrheinjournal-wt.de\/wp-content\/uploads\/2025\/03\/Vom-Korn-zum-Brot-27-1024x682.jpg 1024w,https:\/\/hochrheinjournal-wt.de\/wp-content\/uploads\/2025\/03\/Vom-Korn-zum-Brot-27.jpg 2000w\" sizes=\"auto, 250px\"\/><\/a><\/div><div class=\"sgb-item\"><a href=\"https:\/\/hochrheinjournal-wt.de\/?attachment_id=31176\" target=\"_blank\"><img decoding=\"async\" alt=\"\" width=\"200\" height=\"300\" loading=\"lazy\" src=\"https:\/\/hochrheinjournal-wt.de\/wp-content\/uploads\/2025\/03\/Vom-Korn-zum-Brot-21-200x300.jpg\" srcset=\"https:\/\/hochrheinjournal-wt.de\/wp-content\/uploads\/2025\/03\/Vom-Korn-zum-Brot-21-200x300.jpg 200w,https:\/\/hochrheinjournal-wt.de\/wp-content\/uploads\/2025\/03\/Vom-Korn-zum-Brot-21-682x1024.jpg 682w,https:\/\/hochrheinjournal-wt.de\/wp-content\/uploads\/2025\/03\/Vom-Korn-zum-Brot-21.jpg 1333w\" sizes=\"auto, 250px\"\/><\/a><\/div><div class=\"sgb-item\"><a href=\"https:\/\/hochrheinjournal-wt.de\/?attachment_id=31177\" target=\"_blank\"><img decoding=\"async\" alt=\"\" width=\"300\" height=\"200\" loading=\"lazy\" src=\"https:\/\/hochrheinjournal-wt.de\/wp-content\/uploads\/2025\/03\/Vom-Korn-zum-Brot-22-300x200.jpg\" srcset=\"https:\/\/hochrheinjournal-wt.de\/wp-content\/uploads\/2025\/03\/Vom-Korn-zum-Brot-22-300x200.jpg 300w,https:\/\/hochrheinjournal-wt.de\/wp-content\/uploads\/2025\/03\/Vom-Korn-zum-Brot-22-1024x682.jpg 1024w,https:\/\/hochrheinjournal-wt.de\/wp-content\/uploads\/2025\/03\/Vom-Korn-zum-Brot-22.jpg 2000w\" sizes=\"auto, 250px\"\/><\/a><\/div><div class=\"sgb-item\"><a href=\"https:\/\/hochrheinjournal-wt.de\/?attachment_id=31178\" target=\"_blank\"><img decoding=\"async\" alt=\"\" width=\"300\" height=\"200\" loading=\"lazy\" src=\"https:\/\/hochrheinjournal-wt.de\/wp-content\/uploads\/2025\/03\/Vom-Korn-zum-Brot-23-300x200.jpg\" srcset=\"https:\/\/hochrheinjournal-wt.de\/wp-content\/uploads\/2025\/03\/Vom-Korn-zum-Brot-23-300x200.jpg 300w,https:\/\/hochrheinjournal-wt.de\/wp-content\/uploads\/2025\/03\/Vom-Korn-zum-Brot-23-1024x682.jpg 1024w,https:\/\/hochrheinjournal-wt.de\/wp-content\/uploads\/2025\/03\/Vom-Korn-zum-Brot-23.jpg 2000w\" sizes=\"auto, 250px\"\/><\/a><\/div><div class=\"sgb-item\"><a href=\"https:\/\/hochrheinjournal-wt.de\/?attachment_id=31179\" target=\"_blank\"><img decoding=\"async\" alt=\"\" width=\"300\" height=\"200\" loading=\"lazy\" src=\"https:\/\/hochrheinjournal-wt.de\/wp-content\/uploads\/2025\/03\/Vom-Korn-zum-Brot-24-300x200.jpg\" srcset=\"https:\/\/hochrheinjournal-wt.de\/wp-content\/uploads\/2025\/03\/Vom-Korn-zum-Brot-24-300x200.jpg 300w,https:\/\/hochrheinjournal-wt.de\/wp-content\/uploads\/2025\/03\/Vom-Korn-zum-Brot-24-1024x682.jpg 1024w,https:\/\/hochrheinjournal-wt.de\/wp-content\/uploads\/2025\/03\/Vom-Korn-zum-Brot-24.jpg 2000w\" sizes=\"auto, 250px\"\/><\/a><\/div><div class=\"sgb-item\"><a href=\"https:\/\/hochrheinjournal-wt.de\/?attachment_id=31180\" target=\"_blank\"><img decoding=\"async\" alt=\"\" width=\"300\" height=\"200\" loading=\"lazy\" src=\"https:\/\/hochrheinjournal-wt.de\/wp-content\/uploads\/2025\/03\/Vom-Korn-zum-Brot-25-300x200.jpg\" srcset=\"https:\/\/hochrheinjournal-wt.de\/wp-content\/uploads\/2025\/03\/Vom-Korn-zum-Brot-25-300x200.jpg 300w,https:\/\/hochrheinjournal-wt.de\/wp-content\/uploads\/2025\/03\/Vom-Korn-zum-Brot-25-1024x682.jpg 1024w,https:\/\/hochrheinjournal-wt.de\/wp-content\/uploads\/2025\/03\/Vom-Korn-zum-Brot-25.jpg 2000w\" sizes=\"auto, 250px\"\/><\/a><\/div><div class=\"sgb-item\"><a href=\"https:\/\/hochrheinjournal-wt.de\/?attachment_id=31181\" target=\"_blank\"><img decoding=\"async\" alt=\"\" width=\"300\" height=\"200\" loading=\"lazy\" src=\"https:\/\/hochrheinjournal-wt.de\/wp-content\/uploads\/2025\/03\/Vom-Korn-zum-Brot-26-300x200.jpg\" srcset=\"https:\/\/hochrheinjournal-wt.de\/wp-content\/uploads\/2025\/03\/Vom-Korn-zum-Brot-26-300x200.jpg 300w,https:\/\/hochrheinjournal-wt.de\/wp-content\/uploads\/2025\/03\/Vom-Korn-zum-Brot-26-1024x682.jpg 1024w,https:\/\/hochrheinjournal-wt.de\/wp-content\/uploads\/2025\/03\/Vom-Korn-zum-Brot-26.jpg 2000w\" sizes=\"auto, 250px\"\/><\/a><\/div><div class=\"sgb-item\"><a href=\"https:\/\/hochrheinjournal-wt.de\/?attachment_id=31183\" target=\"_blank\"><img decoding=\"async\" alt=\"\" width=\"300\" height=\"200\" loading=\"lazy\" src=\"https:\/\/hochrheinjournal-wt.de\/wp-content\/uploads\/2025\/03\/Vom-Korn-zum-Brot-28-300x200.jpg\" srcset=\"https:\/\/hochrheinjournal-wt.de\/wp-content\/uploads\/2025\/03\/Vom-Korn-zum-Brot-28-300x200.jpg 300w,https:\/\/hochrheinjournal-wt.de\/wp-content\/uploads\/2025\/03\/Vom-Korn-zum-Brot-28-1024x682.jpg 1024w,https:\/\/hochrheinjournal-wt.de\/wp-content\/uploads\/2025\/03\/Vom-Korn-zum-Brot-28.jpg 2000w\" sizes=\"auto, 250px\"\/><\/a><\/div><div class=\"sgb-item\"><a href=\"https:\/\/hochrheinjournal-wt.de\/?attachment_id=31184\" target=\"_blank\"><img decoding=\"async\" alt=\"\" width=\"300\" height=\"200\" loading=\"lazy\" src=\"https:\/\/hochrheinjournal-wt.de\/wp-content\/uploads\/2025\/03\/Vom-Korn-zum-Brot-29-300x200.jpg\" srcset=\"https:\/\/hochrheinjournal-wt.de\/wp-content\/uploads\/2025\/03\/Vom-Korn-zum-Brot-29-300x200.jpg 300w,https:\/\/hochrheinjournal-wt.de\/wp-content\/uploads\/2025\/03\/Vom-Korn-zum-Brot-29-1024x682.jpg 1024w,https:\/\/hochrheinjournal-wt.de\/wp-content\/uploads\/2025\/03\/Vom-Korn-zum-Brot-29.jpg 2000w\" sizes=\"auto, 250px\"\/><\/a><\/div><div class=\"sgb-item\"><a href=\"https:\/\/hochrheinjournal-wt.de\/?attachment_id=31185\" target=\"_blank\"><img decoding=\"async\" alt=\"\" width=\"300\" height=\"200\" loading=\"lazy\" src=\"https:\/\/hochrheinjournal-wt.de\/wp-content\/uploads\/2025\/03\/Vom-Korn-zum-Brot-30-300x200.jpg\" srcset=\"https:\/\/hochrheinjournal-wt.de\/wp-content\/uploads\/2025\/03\/Vom-Korn-zum-Brot-30-300x200.jpg 300w,https:\/\/hochrheinjournal-wt.de\/wp-content\/uploads\/2025\/03\/Vom-Korn-zum-Brot-30-1024x682.jpg 1024w,https:\/\/hochrheinjournal-wt.de\/wp-content\/uploads\/2025\/03\/Vom-Korn-zum-Brot-30.jpg 2000w\" sizes=\"auto, 250px\"\/><\/a><\/div><div class=\"sgb-item\"><a href=\"https:\/\/hochrheinjournal-wt.de\/?attachment_id=31186\" target=\"_blank\"><img decoding=\"async\" alt=\"\" width=\"300\" height=\"200\" loading=\"lazy\" src=\"https:\/\/hochrheinjournal-wt.de\/wp-content\/uploads\/2025\/03\/Vom-Korn-zum-Brot-31-300x200.jpg\" srcset=\"https:\/\/hochrheinjournal-wt.de\/wp-content\/uploads\/2025\/03\/Vom-Korn-zum-Brot-31-300x200.jpg 300w,https:\/\/hochrheinjournal-wt.de\/wp-content\/uploads\/2025\/03\/Vom-Korn-zum-Brot-31-1024x682.jpg 1024w,https:\/\/hochrheinjournal-wt.de\/wp-content\/uploads\/2025\/03\/Vom-Korn-zum-Brot-31.jpg 2000w\" sizes=\"auto, 250px\"\/><\/a><\/div><div class=\"sgb-item\"><a href=\"https:\/\/hochrheinjournal-wt.de\/?attachment_id=31187\" target=\"_blank\"><img decoding=\"async\" alt=\"\" width=\"300\" height=\"200\" loading=\"lazy\" src=\"https:\/\/hochrheinjournal-wt.de\/wp-content\/uploads\/2025\/03\/Vom-Korn-zum-Brot-32-300x200.jpg\" srcset=\"https:\/\/hochrheinjournal-wt.de\/wp-content\/uploads\/2025\/03\/Vom-Korn-zum-Brot-32-300x200.jpg 300w,https:\/\/hochrheinjournal-wt.de\/wp-content\/uploads\/2025\/03\/Vom-Korn-zum-Brot-32-1024x682.jpg 1024w,https:\/\/hochrheinjournal-wt.de\/wp-content\/uploads\/2025\/03\/Vom-Korn-zum-Brot-32.jpg 2000w\" sizes=\"auto, 250px\"\/><\/a><\/div><div class=\"sgb-item\"><a href=\"https:\/\/hochrheinjournal-wt.de\/?attachment_id=31188\" target=\"_blank\"><img decoding=\"async\" alt=\"\" width=\"300\" height=\"200\" loading=\"lazy\" src=\"https:\/\/hochrheinjournal-wt.de\/wp-content\/uploads\/2025\/03\/Vom-Korn-zum-Brot-33-300x200.jpg\" srcset=\"https:\/\/hochrheinjournal-wt.de\/wp-content\/uploads\/2025\/03\/Vom-Korn-zum-Brot-33-300x200.jpg 300w,https:\/\/hochrheinjournal-wt.de\/wp-content\/uploads\/2025\/03\/Vom-Korn-zum-Brot-33-1024x682.jpg 1024w,https:\/\/hochrheinjournal-wt.de\/wp-content\/uploads\/2025\/03\/Vom-Korn-zum-Brot-33.jpg 2000w\" sizes=\"auto, 250px\"\/><\/a><\/div><div class=\"sgb-item\"><a href=\"https:\/\/hochrheinjournal-wt.de\/?attachment_id=31189\" target=\"_blank\"><img decoding=\"async\" alt=\"\" width=\"300\" height=\"200\" loading=\"lazy\" src=\"https:\/\/hochrheinjournal-wt.de\/wp-content\/uploads\/2025\/03\/Vom-Korn-zum-Brot-34-300x200.jpg\" srcset=\"https:\/\/hochrheinjournal-wt.de\/wp-content\/uploads\/2025\/03\/Vom-Korn-zum-Brot-34-300x200.jpg 300w,https:\/\/hochrheinjournal-wt.de\/wp-content\/uploads\/2025\/03\/Vom-Korn-zum-Brot-34-1024x682.jpg 1024w,https:\/\/hochrheinjournal-wt.de\/wp-content\/uploads\/2025\/03\/Vom-Korn-zum-Brot-34.jpg 2000w\" sizes=\"auto, 250px\"\/><\/a><\/div><div class=\"sgb-item\"><a href=\"https:\/\/hochrheinjournal-wt.de\/?attachment_id=31190\" target=\"_blank\"><img decoding=\"async\" alt=\"\" width=\"300\" height=\"200\" loading=\"lazy\" src=\"https:\/\/hochrheinjournal-wt.de\/wp-content\/uploads\/2025\/03\/Vom-Korn-zum-Brot-35-300x200.jpg\" srcset=\"https:\/\/hochrheinjournal-wt.de\/wp-content\/uploads\/2025\/03\/Vom-Korn-zum-Brot-35-300x200.jpg 300w,https:\/\/hochrheinjournal-wt.de\/wp-content\/uploads\/2025\/03\/Vom-Korn-zum-Brot-35-1024x682.jpg 1024w,https:\/\/hochrheinjournal-wt.de\/wp-content\/uploads\/2025\/03\/Vom-Korn-zum-Brot-35.jpg 2000w\" sizes=\"auto, 250px\"\/><\/a><\/div><div class=\"sgb-item\"><a href=\"https:\/\/hochrheinjournal-wt.de\/?attachment_id=31191\" target=\"_blank\"><img decoding=\"async\" alt=\"\" width=\"300\" height=\"200\" loading=\"lazy\" src=\"https:\/\/hochrheinjournal-wt.de\/wp-content\/uploads\/2025\/03\/Vom-Korn-zum-Brot-36-300x200.jpg\" srcset=\"https:\/\/hochrheinjournal-wt.de\/wp-content\/uploads\/2025\/03\/Vom-Korn-zum-Brot-36-300x200.jpg 300w,https:\/\/hochrheinjournal-wt.de\/wp-content\/uploads\/2025\/03\/Vom-Korn-zum-Brot-36-1024x682.jpg 1024w,https:\/\/hochrheinjournal-wt.de\/wp-content\/uploads\/2025\/03\/Vom-Korn-zum-Brot-36.jpg 2000w\" sizes=\"auto, 250px\"\/><\/a><\/div><div class=\"sgb-item\"><a href=\"https:\/\/hochrheinjournal-wt.de\/?attachment_id=31192\" target=\"_blank\"><img decoding=\"async\" alt=\"\" width=\"300\" height=\"200\" loading=\"lazy\" src=\"https:\/\/hochrheinjournal-wt.de\/wp-content\/uploads\/2025\/03\/Vom-Korn-zum-Brot-37-300x200.jpg\" srcset=\"https:\/\/hochrheinjournal-wt.de\/wp-content\/uploads\/2025\/03\/Vom-Korn-zum-Brot-37-300x200.jpg 300w,https:\/\/hochrheinjournal-wt.de\/wp-content\/uploads\/2025\/03\/Vom-Korn-zum-Brot-37-1024x682.jpg 1024w,https:\/\/hochrheinjournal-wt.de\/wp-content\/uploads\/2025\/03\/Vom-Korn-zum-Brot-37.jpg 2000w\" sizes=\"auto, 250px\"\/><\/a><\/div><div class=\"sgb-item\"><a href=\"https:\/\/hochrheinjournal-wt.de\/?attachment_id=31193\" target=\"_blank\"><img decoding=\"async\" alt=\"\" width=\"300\" height=\"200\" loading=\"lazy\" src=\"https:\/\/hochrheinjournal-wt.de\/wp-content\/uploads\/2025\/03\/Vom-Korn-zum-Brot-38-300x200.jpg\" srcset=\"https:\/\/hochrheinjournal-wt.de\/wp-content\/uploads\/2025\/03\/Vom-Korn-zum-Brot-38-300x200.jpg 300w,https:\/\/hochrheinjournal-wt.de\/wp-content\/uploads\/2025\/03\/Vom-Korn-zum-Brot-38-1024x682.jpg 1024w,https:\/\/hochrheinjournal-wt.de\/wp-content\/uploads\/2025\/03\/Vom-Korn-zum-Brot-38.jpg 2000w\" sizes=\"auto, 250px\"\/><\/a><\/div><div class=\"sgb-item\"><a href=\"https:\/\/hochrheinjournal-wt.de\/?attachment_id=31194\" target=\"_blank\"><img decoding=\"async\" alt=\"\" width=\"300\" height=\"200\" loading=\"lazy\" src=\"https:\/\/hochrheinjournal-wt.de\/wp-content\/uploads\/2025\/03\/Vom-Korn-zum-Brot-39-300x200.jpg\" srcset=\"https:\/\/hochrheinjournal-wt.de\/wp-content\/uploads\/2025\/03\/Vom-Korn-zum-Brot-39-300x200.jpg 300w,https:\/\/hochrheinjournal-wt.de\/wp-content\/uploads\/2025\/03\/Vom-Korn-zum-Brot-39-1024x682.jpg 1024w,https:\/\/hochrheinjournal-wt.de\/wp-content\/uploads\/2025\/03\/Vom-Korn-zum-Brot-39.jpg 2000w\" sizes=\"auto, 250px\"\/><\/a><\/div><div class=\"sgb-item\"><a href=\"https:\/\/hochrheinjournal-wt.de\/?attachment_id=31195\" target=\"_blank\"><img decoding=\"async\" alt=\"\" width=\"300\" height=\"200\" loading=\"lazy\" src=\"https:\/\/hochrheinjournal-wt.de\/wp-content\/uploads\/2025\/03\/Vom-Korn-zum-Brot-40-300x200.jpg\" srcset=\"https:\/\/hochrheinjournal-wt.de\/wp-content\/uploads\/2025\/03\/Vom-Korn-zum-Brot-40-300x200.jpg 300w,https:\/\/hochrheinjournal-wt.de\/wp-content\/uploads\/2025\/03\/Vom-Korn-zum-Brot-40-1024x682.jpg 1024w,https:\/\/hochrheinjournal-wt.de\/wp-content\/uploads\/2025\/03\/Vom-Korn-zum-Brot-40.jpg 2000w\" sizes=\"auto, 250px\"\/><\/a><\/div><div class=\"sgb-item\"><a href=\"https:\/\/hochrheinjournal-wt.de\/?attachment_id=31196\" target=\"_blank\"><img decoding=\"async\" alt=\"\" width=\"300\" height=\"200\" loading=\"lazy\" src=\"https:\/\/hochrheinjournal-wt.de\/wp-content\/uploads\/2025\/03\/Vom-Korn-zum-Brot-41-300x200.jpg\" srcset=\"https:\/\/hochrheinjournal-wt.de\/wp-content\/uploads\/2025\/03\/Vom-Korn-zum-Brot-41-300x200.jpg 300w,https:\/\/hochrheinjournal-wt.de\/wp-content\/uploads\/2025\/03\/Vom-Korn-zum-Brot-41-1024x682.jpg 1024w,https:\/\/hochrheinjournal-wt.de\/wp-content\/uploads\/2025\/03\/Vom-Korn-zum-Brot-41.jpg 2000w\" sizes=\"auto, 250px\"\/><\/a><\/div><div class=\"sgb-item\"><a href=\"https:\/\/hochrheinjournal-wt.de\/?attachment_id=31197\" target=\"_blank\"><img decoding=\"async\" alt=\"\" width=\"300\" height=\"200\" loading=\"lazy\" src=\"https:\/\/hochrheinjournal-wt.de\/wp-content\/uploads\/2025\/03\/Vom-Korn-zum-Brot-42-300x200.jpg\" srcset=\"https:\/\/hochrheinjournal-wt.de\/wp-content\/uploads\/2025\/03\/Vom-Korn-zum-Brot-42-300x200.jpg 300w,https:\/\/hochrheinjournal-wt.de\/wp-content\/uploads\/2025\/03\/Vom-Korn-zum-Brot-42-1024x682.jpg 1024w,https:\/\/hochrheinjournal-wt.de\/wp-content\/uploads\/2025\/03\/Vom-Korn-zum-Brot-42.jpg 2000w\" sizes=\"auto, 250px\"\/><\/a><\/div><div class=\"sgb-item\"><a href=\"https:\/\/hochrheinjournal-wt.de\/?attachment_id=31198\" target=\"_blank\"><img decoding=\"async\" alt=\"\" width=\"300\" height=\"200\" loading=\"lazy\" src=\"https:\/\/hochrheinjournal-wt.de\/wp-content\/uploads\/2025\/03\/Vom-Korn-zum-Brot-43-300x200.jpg\" srcset=\"https:\/\/hochrheinjournal-wt.de\/wp-content\/uploads\/2025\/03\/Vom-Korn-zum-Brot-43-300x200.jpg 300w,https:\/\/hochrheinjournal-wt.de\/wp-content\/uploads\/2025\/03\/Vom-Korn-zum-Brot-43-1024x682.jpg 1024w,https:\/\/hochrheinjournal-wt.de\/wp-content\/uploads\/2025\/03\/Vom-Korn-zum-Brot-43.jpg 2000w\" sizes=\"auto, 250px\"\/><\/a><\/div><div class=\"sgb-item\"><a href=\"https:\/\/hochrheinjournal-wt.de\/?attachment_id=31199\" target=\"_blank\"><img decoding=\"async\" alt=\"\" width=\"300\" height=\"200\" loading=\"lazy\" src=\"https:\/\/hochrheinjournal-wt.de\/wp-content\/uploads\/2025\/03\/Vom-Korn-zum-Brot-44-300x200.jpg\" srcset=\"https:\/\/hochrheinjournal-wt.de\/wp-content\/uploads\/2025\/03\/Vom-Korn-zum-Brot-44-300x200.jpg 300w,https:\/\/hochrheinjournal-wt.de\/wp-content\/uploads\/2025\/03\/Vom-Korn-zum-Brot-44-1024x682.jpg 1024w,https:\/\/hochrheinjournal-wt.de\/wp-content\/uploads\/2025\/03\/Vom-Korn-zum-Brot-44.jpg 2000w\" sizes=\"auto, 250px\"\/><\/a><\/div><div class=\"sgb-item\"><a href=\"https:\/\/hochrheinjournal-wt.de\/?attachment_id=31200\" target=\"_blank\"><img decoding=\"async\" alt=\"\" width=\"300\" height=\"200\" loading=\"lazy\" src=\"https:\/\/hochrheinjournal-wt.de\/wp-content\/uploads\/2025\/03\/Vom-Korn-zum-Brot-45-300x200.jpg\" srcset=\"https:\/\/hochrheinjournal-wt.de\/wp-content\/uploads\/2025\/03\/Vom-Korn-zum-Brot-45-300x200.jpg 300w,https:\/\/hochrheinjournal-wt.de\/wp-content\/uploads\/2025\/03\/Vom-Korn-zum-Brot-45-1024x682.jpg 1024w,https:\/\/hochrheinjournal-wt.de\/wp-content\/uploads\/2025\/03\/Vom-Korn-zum-Brot-45.jpg 2000w\" sizes=\"auto, 250px\"\/><\/a><\/div><div class=\"sgb-item\"><a href=\"https:\/\/hochrheinjournal-wt.de\/?attachment_id=31201\" target=\"_blank\"><img decoding=\"async\" alt=\"\" width=\"300\" height=\"200\" loading=\"lazy\" src=\"https:\/\/hochrheinjournal-wt.de\/wp-content\/uploads\/2025\/03\/Vom-Korn-zum-Brot-46-300x200.jpg\" srcset=\"https:\/\/hochrheinjournal-wt.de\/wp-content\/uploads\/2025\/03\/Vom-Korn-zum-Brot-46-300x200.jpg 300w,https:\/\/hochrheinjournal-wt.de\/wp-content\/uploads\/2025\/03\/Vom-Korn-zum-Brot-46-1024x682.jpg 1024w,https:\/\/hochrheinjournal-wt.de\/wp-content\/uploads\/2025\/03\/Vom-Korn-zum-Brot-46.jpg 2000w\" sizes=\"auto, 250px\"\/><\/a><\/div><div class=\"sgb-item\"><a href=\"https:\/\/hochrheinjournal-wt.de\/?attachment_id=31202\" target=\"_blank\"><img decoding=\"async\" alt=\"\" width=\"200\" height=\"300\" loading=\"lazy\" src=\"https:\/\/hochrheinjournal-wt.de\/wp-content\/uploads\/2025\/03\/Vom-Korn-zum-Brot-47-200x300.jpg\" srcset=\"https:\/\/hochrheinjournal-wt.de\/wp-content\/uploads\/2025\/03\/Vom-Korn-zum-Brot-47-200x300.jpg 200w,https:\/\/hochrheinjournal-wt.de\/wp-content\/uploads\/2025\/03\/Vom-Korn-zum-Brot-47-682x1024.jpg 682w,https:\/\/hochrheinjournal-wt.de\/wp-content\/uploads\/2025\/03\/Vom-Korn-zum-Brot-47.jpg 1333w\" sizes=\"auto, 250px\"\/><\/a><\/div><div class=\"sgb-item\"><a href=\"https:\/\/hochrheinjournal-wt.de\/?attachment_id=31203\" target=\"_blank\"><img decoding=\"async\" alt=\"\" width=\"300\" height=\"200\" loading=\"lazy\" src=\"https:\/\/hochrheinjournal-wt.de\/wp-content\/uploads\/2025\/03\/Vom-Korn-zum-Brot-48-300x200.jpg\" srcset=\"https:\/\/hochrheinjournal-wt.de\/wp-content\/uploads\/2025\/03\/Vom-Korn-zum-Brot-48-300x200.jpg 300w,https:\/\/hochrheinjournal-wt.de\/wp-content\/uploads\/2025\/03\/Vom-Korn-zum-Brot-48-1024x682.jpg 1024w,https:\/\/hochrheinjournal-wt.de\/wp-content\/uploads\/2025\/03\/Vom-Korn-zum-Brot-48.jpg 2000w\" sizes=\"auto, 250px\"\/><\/a><\/div><div class=\"sgb-item\"><a href=\"https:\/\/hochrheinjournal-wt.de\/?attachment_id=31204\" target=\"_blank\"><img decoding=\"async\" alt=\"\" width=\"300\" height=\"200\" loading=\"lazy\" src=\"https:\/\/hochrheinjournal-wt.de\/wp-content\/uploads\/2025\/03\/Vom-Korn-zum-Brot-49-300x200.jpg\" srcset=\"https:\/\/hochrheinjournal-wt.de\/wp-content\/uploads\/2025\/03\/Vom-Korn-zum-Brot-49-300x200.jpg 300w,https:\/\/hochrheinjournal-wt.de\/wp-content\/uploads\/2025\/03\/Vom-Korn-zum-Brot-49-1024x682.jpg 1024w,https:\/\/hochrheinjournal-wt.de\/wp-content\/uploads\/2025\/03\/Vom-Korn-zum-Brot-49.jpg 2000w\" sizes=\"auto, 250px\"\/><\/a><\/div><div class=\"sgb-item\"><a href=\"https:\/\/hochrheinjournal-wt.de\/?attachment_id=31205\" target=\"_blank\"><img decoding=\"async\" alt=\"\" width=\"300\" height=\"200\" loading=\"lazy\" src=\"https:\/\/hochrheinjournal-wt.de\/wp-content\/uploads\/2025\/03\/Vom-Korn-zum-Brot-50-300x200.jpg\" srcset=\"https:\/\/hochrheinjournal-wt.de\/wp-content\/uploads\/2025\/03\/Vom-Korn-zum-Brot-50-300x200.jpg 300w,https:\/\/hochrheinjournal-wt.de\/wp-content\/uploads\/2025\/03\/Vom-Korn-zum-Brot-50-1024x682.jpg 1024w,https:\/\/hochrheinjournal-wt.de\/wp-content\/uploads\/2025\/03\/Vom-Korn-zum-Brot-50.jpg 2000w\" sizes=\"auto, 250px\"\/><\/a><\/div><div class=\"sgb-item\"><a href=\"https:\/\/hochrheinjournal-wt.de\/?attachment_id=31206\" target=\"_blank\"><img decoding=\"async\" alt=\"\" width=\"300\" height=\"200\" loading=\"lazy\" src=\"https:\/\/hochrheinjournal-wt.de\/wp-content\/uploads\/2025\/03\/Vom-Korn-zum-Brot-51-300x200.jpg\" srcset=\"https:\/\/hochrheinjournal-wt.de\/wp-content\/uploads\/2025\/03\/Vom-Korn-zum-Brot-51-300x200.jpg 300w,https:\/\/hochrheinjournal-wt.de\/wp-content\/uploads\/2025\/03\/Vom-Korn-zum-Brot-51-1024x682.jpg 1024w,https:\/\/hochrheinjournal-wt.de\/wp-content\/uploads\/2025\/03\/Vom-Korn-zum-Brot-51.jpg 2000w\" sizes=\"auto, 250px\"\/><\/a><\/div><div class=\"sgb-item\"><a href=\"https:\/\/hochrheinjournal-wt.de\/?attachment_id=31207\" target=\"_blank\"><img decoding=\"async\" alt=\"\" width=\"300\" height=\"200\" loading=\"lazy\" src=\"https:\/\/hochrheinjournal-wt.de\/wp-content\/uploads\/2025\/03\/Vom-Korn-zum-Brot-52-300x200.jpg\" srcset=\"https:\/\/hochrheinjournal-wt.de\/wp-content\/uploads\/2025\/03\/Vom-Korn-zum-Brot-52-300x200.jpg 300w,https:\/\/hochrheinjournal-wt.de\/wp-content\/uploads\/2025\/03\/Vom-Korn-zum-Brot-52-1024x682.jpg 1024w,https:\/\/hochrheinjournal-wt.de\/wp-content\/uploads\/2025\/03\/Vom-Korn-zum-Brot-52.jpg 2000w\" sizes=\"auto, 250px\"\/><\/a><\/div><div class=\"sgb-item\"><a href=\"https:\/\/hochrheinjournal-wt.de\/?attachment_id=31208\" target=\"_blank\"><img decoding=\"async\" alt=\"\" width=\"300\" height=\"200\" loading=\"lazy\" src=\"https:\/\/hochrheinjournal-wt.de\/wp-content\/uploads\/2025\/03\/Vom-Korn-zum-Brot-53-300x200.jpg\" srcset=\"https:\/\/hochrheinjournal-wt.de\/wp-content\/uploads\/2025\/03\/Vom-Korn-zum-Brot-53-300x200.jpg 300w,https:\/\/hochrheinjournal-wt.de\/wp-content\/uploads\/2025\/03\/Vom-Korn-zum-Brot-53-1024x682.jpg 1024w,https:\/\/hochrheinjournal-wt.de\/wp-content\/uploads\/2025\/03\/Vom-Korn-zum-Brot-53.jpg 2000w\" sizes=\"auto, 250px\"\/><\/a><\/div><div class=\"sgb-item\"><a href=\"https:\/\/hochrheinjournal-wt.de\/?attachment_id=31209\" target=\"_blank\"><img decoding=\"async\" alt=\"\" width=\"300\" height=\"200\" loading=\"lazy\" src=\"https:\/\/hochrheinjournal-wt.de\/wp-content\/uploads\/2025\/03\/Vom-Korn-zum-Brot-54-300x200.jpg\" srcset=\"https:\/\/hochrheinjournal-wt.de\/wp-content\/uploads\/2025\/03\/Vom-Korn-zum-Brot-54-300x200.jpg 300w,https:\/\/hochrheinjournal-wt.de\/wp-content\/uploads\/2025\/03\/Vom-Korn-zum-Brot-54-1024x682.jpg 1024w,https:\/\/hochrheinjournal-wt.de\/wp-content\/uploads\/2025\/03\/Vom-Korn-zum-Brot-54.jpg 2000w\" sizes=\"auto, 250px\"\/><\/a><\/div><div class=\"sgb-item\"><a href=\"https:\/\/hochrheinjournal-wt.de\/?attachment_id=31210\" target=\"_blank\"><img decoding=\"async\" alt=\"\" width=\"300\" height=\"200\" loading=\"lazy\" src=\"https:\/\/hochrheinjournal-wt.de\/wp-content\/uploads\/2025\/03\/Vom-Korn-zum-Brot-55-300x200.jpg\" srcset=\"https:\/\/hochrheinjournal-wt.de\/wp-content\/uploads\/2025\/03\/Vom-Korn-zum-Brot-55-300x200.jpg 300w,https:\/\/hochrheinjournal-wt.de\/wp-content\/uploads\/2025\/03\/Vom-Korn-zum-Brot-55-1024x682.jpg 1024w,https:\/\/hochrheinjournal-wt.de\/wp-content\/uploads\/2025\/03\/Vom-Korn-zum-Brot-55.jpg 2000w\" sizes=\"auto, 250px\"\/><\/a><\/div><div class=\"sgb-item\"><a href=\"https:\/\/hochrheinjournal-wt.de\/?attachment_id=31211\" target=\"_blank\"><img decoding=\"async\" alt=\"\" width=\"300\" height=\"200\" loading=\"lazy\" src=\"https:\/\/hochrheinjournal-wt.de\/wp-content\/uploads\/2025\/03\/Vom-Korn-zum-Brot-56-300x200.jpg\" srcset=\"https:\/\/hochrheinjournal-wt.de\/wp-content\/uploads\/2025\/03\/Vom-Korn-zum-Brot-56-300x200.jpg 300w,https:\/\/hochrheinjournal-wt.de\/wp-content\/uploads\/2025\/03\/Vom-Korn-zum-Brot-56-1024x682.jpg 1024w,https:\/\/hochrheinjournal-wt.de\/wp-content\/uploads\/2025\/03\/Vom-Korn-zum-Brot-56.jpg 2000w\" sizes=\"auto, 250px\"\/><\/a><\/div><div class=\"sgb-item\"><a href=\"https:\/\/hochrheinjournal-wt.de\/?attachment_id=31212\" target=\"_blank\"><img decoding=\"async\" alt=\"\" width=\"300\" height=\"200\" loading=\"lazy\" src=\"https:\/\/hochrheinjournal-wt.de\/wp-content\/uploads\/2025\/03\/Vom-Korn-zum-Brot-57-300x200.jpg\" srcset=\"https:\/\/hochrheinjournal-wt.de\/wp-content\/uploads\/2025\/03\/Vom-Korn-zum-Brot-57-300x200.jpg 300w,https:\/\/hochrheinjournal-wt.de\/wp-content\/uploads\/2025\/03\/Vom-Korn-zum-Brot-57-1024x682.jpg 1024w,https:\/\/hochrheinjournal-wt.de\/wp-content\/uploads\/2025\/03\/Vom-Korn-zum-Brot-57.jpg 2000w\" sizes=\"auto, 250px\"\/><\/a><\/div><div class=\"sgb-item\"><a href=\"https:\/\/hochrheinjournal-wt.de\/?attachment_id=31213\" target=\"_blank\"><img decoding=\"async\" alt=\"\" width=\"300\" height=\"200\" loading=\"lazy\" src=\"https:\/\/hochrheinjournal-wt.de\/wp-content\/uploads\/2025\/03\/Vom-Korn-zum-Brot-58-300x200.jpg\" srcset=\"https:\/\/hochrheinjournal-wt.de\/wp-content\/uploads\/2025\/03\/Vom-Korn-zum-Brot-58-300x200.jpg 300w,https:\/\/hochrheinjournal-wt.de\/wp-content\/uploads\/2025\/03\/Vom-Korn-zum-Brot-58-1024x682.jpg 1024w,https:\/\/hochrheinjournal-wt.de\/wp-content\/uploads\/2025\/03\/Vom-Korn-zum-Brot-58.jpg 2000w\" sizes=\"auto, 250px\"\/><\/a><\/div><div class=\"sgb-item\"><a href=\"https:\/\/hochrheinjournal-wt.de\/?attachment_id=31214\" target=\"_blank\"><img decoding=\"async\" alt=\"\" width=\"300\" height=\"200\" loading=\"lazy\" src=\"https:\/\/hochrheinjournal-wt.de\/wp-content\/uploads\/2025\/03\/Vom-Korn-zum-Brot-59-300x200.jpg\" srcset=\"https:\/\/hochrheinjournal-wt.de\/wp-content\/uploads\/2025\/03\/Vom-Korn-zum-Brot-59-300x200.jpg 300w,https:\/\/hochrheinjournal-wt.de\/wp-content\/uploads\/2025\/03\/Vom-Korn-zum-Brot-59-1024x682.jpg 1024w,https:\/\/hochrheinjournal-wt.de\/wp-content\/uploads\/2025\/03\/Vom-Korn-zum-Brot-59.jpg 2000w\" sizes=\"auto, 250px\"\/><\/a><\/div><div class=\"sgb-item\"><a href=\"https:\/\/hochrheinjournal-wt.de\/?attachment_id=31215\" target=\"_blank\"><img decoding=\"async\" alt=\"\" width=\"300\" height=\"200\" loading=\"lazy\" src=\"https:\/\/hochrheinjournal-wt.de\/wp-content\/uploads\/2025\/03\/Vom-Korn-zum-Brot-60-300x200.jpg\" srcset=\"https:\/\/hochrheinjournal-wt.de\/wp-content\/uploads\/2025\/03\/Vom-Korn-zum-Brot-60-300x200.jpg 300w,https:\/\/hochrheinjournal-wt.de\/wp-content\/uploads\/2025\/03\/Vom-Korn-zum-Brot-60-1024x682.jpg 1024w,https:\/\/hochrheinjournal-wt.de\/wp-content\/uploads\/2025\/03\/Vom-Korn-zum-Brot-60.jpg 2000w\" sizes=\"auto, 250px\"\/><\/a><\/div><div class=\"sgb-item\"><a href=\"https:\/\/hochrheinjournal-wt.de\/?attachment_id=31216\" target=\"_blank\"><img decoding=\"async\" alt=\"\" width=\"300\" height=\"200\" loading=\"lazy\" src=\"https:\/\/hochrheinjournal-wt.de\/wp-content\/uploads\/2025\/03\/Vom-Korn-zum-Brot-61-300x200.jpg\" srcset=\"https:\/\/hochrheinjournal-wt.de\/wp-content\/uploads\/2025\/03\/Vom-Korn-zum-Brot-61-300x200.jpg 300w,https:\/\/hochrheinjournal-wt.de\/wp-content\/uploads\/2025\/03\/Vom-Korn-zum-Brot-61-1024x682.jpg 1024w,https:\/\/hochrheinjournal-wt.de\/wp-content\/uploads\/2025\/03\/Vom-Korn-zum-Brot-61.jpg 2000w\" sizes=\"auto, 250px\"\/><\/a><\/div><div class=\"sgb-item\"><a href=\"https:\/\/hochrheinjournal-wt.de\/?attachment_id=31217\" target=\"_blank\"><img decoding=\"async\" alt=\"\" width=\"300\" height=\"200\" loading=\"lazy\" src=\"https:\/\/hochrheinjournal-wt.de\/wp-content\/uploads\/2025\/03\/Vom-Korn-zum-Brot-62-300x200.jpg\" srcset=\"https:\/\/hochrheinjournal-wt.de\/wp-content\/uploads\/2025\/03\/Vom-Korn-zum-Brot-62-300x200.jpg 300w,https:\/\/hochrheinjournal-wt.de\/wp-content\/uploads\/2025\/03\/Vom-Korn-zum-Brot-62-1024x682.jpg 1024w,https:\/\/hochrheinjournal-wt.de\/wp-content\/uploads\/2025\/03\/Vom-Korn-zum-Brot-62.jpg 2000w\" sizes=\"auto, 250px\"\/><\/a><\/div><div class=\"sgb-item\"><a href=\"https:\/\/hochrheinjournal-wt.de\/?attachment_id=31218\" target=\"_blank\"><img decoding=\"async\" alt=\"\" width=\"300\" height=\"200\" loading=\"lazy\" src=\"https:\/\/hochrheinjournal-wt.de\/wp-content\/uploads\/2025\/03\/Vom-Korn-zum-Brot-63-300x200.jpg\" srcset=\"https:\/\/hochrheinjournal-wt.de\/wp-content\/uploads\/2025\/03\/Vom-Korn-zum-Brot-63-300x200.jpg 300w,https:\/\/hochrheinjournal-wt.de\/wp-content\/uploads\/2025\/03\/Vom-Korn-zum-Brot-63-1024x682.jpg 1024w,https:\/\/hochrheinjournal-wt.de\/wp-content\/uploads\/2025\/03\/Vom-Korn-zum-Brot-63.jpg 2000w\" sizes=\"auto, 250px\"\/><\/a><\/div><div class=\"sgb-item\"><a href=\"https:\/\/hochrheinjournal-wt.de\/?attachment_id=31219\" target=\"_blank\"><img decoding=\"async\" alt=\"\" width=\"300\" height=\"200\" loading=\"lazy\" src=\"https:\/\/hochrheinjournal-wt.de\/wp-content\/uploads\/2025\/03\/Vom-Korn-zum-Brot-64-300x200.jpg\" srcset=\"https:\/\/hochrheinjournal-wt.de\/wp-content\/uploads\/2025\/03\/Vom-Korn-zum-Brot-64-300x200.jpg 300w,https:\/\/hochrheinjournal-wt.de\/wp-content\/uploads\/2025\/03\/Vom-Korn-zum-Brot-64-1024x682.jpg 1024w,https:\/\/hochrheinjournal-wt.de\/wp-content\/uploads\/2025\/03\/Vom-Korn-zum-Brot-64.jpg 2000w\" sizes=\"auto, 250px\"\/><\/a><\/div><div class=\"sgb-item\"><a href=\"https:\/\/hochrheinjournal-wt.de\/?attachment_id=31220\" target=\"_blank\"><img decoding=\"async\" alt=\"\" width=\"300\" height=\"200\" loading=\"lazy\" src=\"https:\/\/hochrheinjournal-wt.de\/wp-content\/uploads\/2025\/03\/Vom-Korn-zum-Brot-65-300x200.jpg\" srcset=\"https:\/\/hochrheinjournal-wt.de\/wp-content\/uploads\/2025\/03\/Vom-Korn-zum-Brot-65-300x200.jpg 300w,https:\/\/hochrheinjournal-wt.de\/wp-content\/uploads\/2025\/03\/Vom-Korn-zum-Brot-65-1024x682.jpg 1024w,https:\/\/hochrheinjournal-wt.de\/wp-content\/uploads\/2025\/03\/Vom-Korn-zum-Brot-65.jpg 2000w\" sizes=\"auto, 250px\"\/><\/a><\/div><div class=\"sgb-item\"><a href=\"https:\/\/hochrheinjournal-wt.de\/?attachment_id=31221\" target=\"_blank\"><img decoding=\"async\" alt=\"\" width=\"300\" height=\"200\" loading=\"lazy\" src=\"https:\/\/hochrheinjournal-wt.de\/wp-content\/uploads\/2025\/03\/Vom-Korn-zum-Brot-66-300x200.jpg\" srcset=\"https:\/\/hochrheinjournal-wt.de\/wp-content\/uploads\/2025\/03\/Vom-Korn-zum-Brot-66-300x200.jpg 300w,https:\/\/hochrheinjournal-wt.de\/wp-content\/uploads\/2025\/03\/Vom-Korn-zum-Brot-66-1024x682.jpg 1024w,https:\/\/hochrheinjournal-wt.de\/wp-content\/uploads\/2025\/03\/Vom-Korn-zum-Brot-66.jpg 2000w\" sizes=\"auto, 250px\"\/><\/a><\/div><div class=\"sgb-item\"><a href=\"https:\/\/hochrheinjournal-wt.de\/?attachment_id=31222\" target=\"_blank\"><img decoding=\"async\" alt=\"\" width=\"300\" height=\"200\" loading=\"lazy\" src=\"https:\/\/hochrheinjournal-wt.de\/wp-content\/uploads\/2025\/03\/Vom-Korn-zum-Brot-67-300x200.jpg\" srcset=\"https:\/\/hochrheinjournal-wt.de\/wp-content\/uploads\/2025\/03\/Vom-Korn-zum-Brot-67-300x200.jpg 300w,https:\/\/hochrheinjournal-wt.de\/wp-content\/uploads\/2025\/03\/Vom-Korn-zum-Brot-67-1024x682.jpg 1024w,https:\/\/hochrheinjournal-wt.de\/wp-content\/uploads\/2025\/03\/Vom-Korn-zum-Brot-67.jpg 2000w\" sizes=\"auto, 250px\"\/><\/a><\/div><div class=\"sgb-item\"><a href=\"https:\/\/hochrheinjournal-wt.de\/?attachment_id=31223\" target=\"_blank\"><img decoding=\"async\" alt=\"\" width=\"300\" height=\"200\" loading=\"lazy\" src=\"https:\/\/hochrheinjournal-wt.de\/wp-content\/uploads\/2025\/03\/Vom-Korn-zum-Brot-68-300x200.jpg\" srcset=\"https:\/\/hochrheinjournal-wt.de\/wp-content\/uploads\/2025\/03\/Vom-Korn-zum-Brot-68-300x200.jpg 300w,https:\/\/hochrheinjournal-wt.de\/wp-content\/uploads\/2025\/03\/Vom-Korn-zum-Brot-68-1024x682.jpg 1024w,https:\/\/hochrheinjournal-wt.de\/wp-content\/uploads\/2025\/03\/Vom-Korn-zum-Brot-68.jpg 2000w\" sizes=\"auto, 250px\"\/><\/a><\/div><div class=\"sgb-item\"><a href=\"https:\/\/hochrheinjournal-wt.de\/?attachment_id=31224\" target=\"_blank\"><img decoding=\"async\" alt=\"\" width=\"300\" height=\"200\" loading=\"lazy\" src=\"https:\/\/hochrheinjournal-wt.de\/wp-content\/uploads\/2025\/03\/Vom-Korn-zum-Brot-69-300x200.jpg\" srcset=\"https:\/\/hochrheinjournal-wt.de\/wp-content\/uploads\/2025\/03\/Vom-Korn-zum-Brot-69-300x200.jpg 300w,https:\/\/hochrheinjournal-wt.de\/wp-content\/uploads\/2025\/03\/Vom-Korn-zum-Brot-69-1024x682.jpg 1024w,https:\/\/hochrheinjournal-wt.de\/wp-content\/uploads\/2025\/03\/Vom-Korn-zum-Brot-69.jpg 2000w\" sizes=\"auto, 250px\"\/><\/a><\/div><div class=\"sgb-item\"><a href=\"https:\/\/hochrheinjournal-wt.de\/?attachment_id=31225\" target=\"_blank\"><img decoding=\"async\" alt=\"\" width=\"300\" height=\"200\" loading=\"lazy\" src=\"https:\/\/hochrheinjournal-wt.de\/wp-content\/uploads\/2025\/03\/Vom-Korn-zum-Brot-70-300x200.jpg\" srcset=\"https:\/\/hochrheinjournal-wt.de\/wp-content\/uploads\/2025\/03\/Vom-Korn-zum-Brot-70-300x200.jpg 300w,https:\/\/hochrheinjournal-wt.de\/wp-content\/uploads\/2025\/03\/Vom-Korn-zum-Brot-70-1024x682.jpg 1024w,https:\/\/hochrheinjournal-wt.de\/wp-content\/uploads\/2025\/03\/Vom-Korn-zum-Brot-70.jpg 2000w\" sizes=\"auto, 250px\"\/><\/a><\/div><div class=\"sgb-item\"><a href=\"https:\/\/hochrheinjournal-wt.de\/?attachment_id=31226\" target=\"_blank\"><img decoding=\"async\" alt=\"\" width=\"300\" height=\"200\" loading=\"lazy\" src=\"https:\/\/hochrheinjournal-wt.de\/wp-content\/uploads\/2025\/03\/Vom-Korn-zum-Brot-71-300x200.jpg\" srcset=\"https:\/\/hochrheinjournal-wt.de\/wp-content\/uploads\/2025\/03\/Vom-Korn-zum-Brot-71-300x200.jpg 300w,https:\/\/hochrheinjournal-wt.de\/wp-content\/uploads\/2025\/03\/Vom-Korn-zum-Brot-71-1024x682.jpg 1024w,https:\/\/hochrheinjournal-wt.de\/wp-content\/uploads\/2025\/03\/Vom-Korn-zum-Brot-71.jpg 2000w\" sizes=\"auto, 250px\"\/><\/a><\/div><div class=\"sgb-item\"><a href=\"https:\/\/hochrheinjournal-wt.de\/?attachment_id=31227\" target=\"_blank\"><img decoding=\"async\" alt=\"\" width=\"300\" height=\"200\" loading=\"lazy\" src=\"https:\/\/hochrheinjournal-wt.de\/wp-content\/uploads\/2025\/03\/Vom-Korn-zum-Brot-72-300x200.jpg\" srcset=\"https:\/\/hochrheinjournal-wt.de\/wp-content\/uploads\/2025\/03\/Vom-Korn-zum-Brot-72-300x200.jpg 300w,https:\/\/hochrheinjournal-wt.de\/wp-content\/uploads\/2025\/03\/Vom-Korn-zum-Brot-72-1024x682.jpg 1024w,https:\/\/hochrheinjournal-wt.de\/wp-content\/uploads\/2025\/03\/Vom-Korn-zum-Brot-72.jpg 2000w\" sizes=\"auto, 250px\"\/><\/a><\/div><div class=\"sgb-item\"><a href=\"https:\/\/hochrheinjournal-wt.de\/?attachment_id=31228\" target=\"_blank\"><img decoding=\"async\" alt=\"\" width=\"300\" height=\"200\" loading=\"lazy\" src=\"https:\/\/hochrheinjournal-wt.de\/wp-content\/uploads\/2025\/03\/Vom-Korn-zum-Brot-73-300x200.jpg\" srcset=\"https:\/\/hochrheinjournal-wt.de\/wp-content\/uploads\/2025\/03\/Vom-Korn-zum-Brot-73-300x200.jpg 300w,https:\/\/hochrheinjournal-wt.de\/wp-content\/uploads\/2025\/03\/Vom-Korn-zum-Brot-73-1024x682.jpg 1024w,https:\/\/hochrheinjournal-wt.de\/wp-content\/uploads\/2025\/03\/Vom-Korn-zum-Brot-73.jpg 2000w\" sizes=\"auto, 250px\"\/><\/a><\/div><div class=\"sgb-item\"><a href=\"https:\/\/hochrheinjournal-wt.de\/?attachment_id=31229\" target=\"_blank\"><img decoding=\"async\" alt=\"\" width=\"300\" height=\"200\" loading=\"lazy\" src=\"https:\/\/hochrheinjournal-wt.de\/wp-content\/uploads\/2025\/03\/Vom-Korn-zum-Brot-74-300x200.jpg\" srcset=\"https:\/\/hochrheinjournal-wt.de\/wp-content\/uploads\/2025\/03\/Vom-Korn-zum-Brot-74-300x200.jpg 300w,https:\/\/hochrheinjournal-wt.de\/wp-content\/uploads\/2025\/03\/Vom-Korn-zum-Brot-74-1024x682.jpg 1024w,https:\/\/hochrheinjournal-wt.de\/wp-content\/uploads\/2025\/03\/Vom-Korn-zum-Brot-74.jpg 2000w\" sizes=\"auto, 250px\"\/><\/a><\/div><div class=\"sgb-item\"><a href=\"https:\/\/hochrheinjournal-wt.de\/?attachment_id=31230\" target=\"_blank\"><img decoding=\"async\" alt=\"\" width=\"300\" height=\"200\" loading=\"lazy\" src=\"https:\/\/hochrheinjournal-wt.de\/wp-content\/uploads\/2025\/03\/Vom-Korn-zum-Brot-75-300x200.jpg\" srcset=\"https:\/\/hochrheinjournal-wt.de\/wp-content\/uploads\/2025\/03\/Vom-Korn-zum-Brot-75-300x200.jpg 300w,https:\/\/hochrheinjournal-wt.de\/wp-content\/uploads\/2025\/03\/Vom-Korn-zum-Brot-75-1024x682.jpg 1024w,https:\/\/hochrheinjournal-wt.de\/wp-content\/uploads\/2025\/03\/Vom-Korn-zum-Brot-75.jpg 2000w\" sizes=\"auto, 250px\"\/><\/a><\/div><div class=\"sgb-item\"><a href=\"https:\/\/hochrheinjournal-wt.de\/?attachment_id=31231\" target=\"_blank\"><img decoding=\"async\" alt=\"\" width=\"300\" height=\"200\" loading=\"lazy\" src=\"https:\/\/hochrheinjournal-wt.de\/wp-content\/uploads\/2025\/03\/Vom-Korn-zum-Brot-76-300x200.jpg\" srcset=\"https:\/\/hochrheinjournal-wt.de\/wp-content\/uploads\/2025\/03\/Vom-Korn-zum-Brot-76-300x200.jpg 300w,https:\/\/hochrheinjournal-wt.de\/wp-content\/uploads\/2025\/03\/Vom-Korn-zum-Brot-76-1024x682.jpg 1024w,https:\/\/hochrheinjournal-wt.de\/wp-content\/uploads\/2025\/03\/Vom-Korn-zum-Brot-76.jpg 2000w\" sizes=\"auto, 250px\"\/><\/a><\/div><div class=\"sgb-item\"><a href=\"https:\/\/hochrheinjournal-wt.de\/?attachment_id=31232\" target=\"_blank\"><img decoding=\"async\" alt=\"\" width=\"300\" height=\"200\" loading=\"lazy\" src=\"https:\/\/hochrheinjournal-wt.de\/wp-content\/uploads\/2025\/03\/Vom-Korn-zum-Brot-77-300x200.jpg\" srcset=\"https:\/\/hochrheinjournal-wt.de\/wp-content\/uploads\/2025\/03\/Vom-Korn-zum-Brot-77-300x200.jpg 300w,https:\/\/hochrheinjournal-wt.de\/wp-content\/uploads\/2025\/03\/Vom-Korn-zum-Brot-77-1024x682.jpg 1024w,https:\/\/hochrheinjournal-wt.de\/wp-content\/uploads\/2025\/03\/Vom-Korn-zum-Brot-77.jpg 2000w\" sizes=\"auto, 250px\"\/><\/a><\/div><div class=\"sgb-item\"><a href=\"https:\/\/hochrheinjournal-wt.de\/?attachment_id=31233\" target=\"_blank\"><img decoding=\"async\" alt=\"\" width=\"300\" height=\"200\" loading=\"lazy\" src=\"https:\/\/hochrheinjournal-wt.de\/wp-content\/uploads\/2025\/03\/Vom-Korn-zum-Brot-78-300x200.jpg\" srcset=\"https:\/\/hochrheinjournal-wt.de\/wp-content\/uploads\/2025\/03\/Vom-Korn-zum-Brot-78-300x200.jpg 300w,https:\/\/hochrheinjournal-wt.de\/wp-content\/uploads\/2025\/03\/Vom-Korn-zum-Brot-78-1024x682.jpg 1024w,https:\/\/hochrheinjournal-wt.de\/wp-content\/uploads\/2025\/03\/Vom-Korn-zum-Brot-78.jpg 2000w\" sizes=\"auto, 250px\"\/><\/a><\/div><div class=\"sgb-item\"><a href=\"https:\/\/hochrheinjournal-wt.de\/?attachment_id=31234\" target=\"_blank\"><img decoding=\"async\" alt=\"\" width=\"300\" height=\"200\" loading=\"lazy\" src=\"https:\/\/hochrheinjournal-wt.de\/wp-content\/uploads\/2025\/03\/Vom-Korn-zum-Brot-79-300x200.jpg\" srcset=\"https:\/\/hochrheinjournal-wt.de\/wp-content\/uploads\/2025\/03\/Vom-Korn-zum-Brot-79-300x200.jpg 300w,https:\/\/hochrheinjournal-wt.de\/wp-content\/uploads\/2025\/03\/Vom-Korn-zum-Brot-79-1024x682.jpg 1024w,https:\/\/hochrheinjournal-wt.de\/wp-content\/uploads\/2025\/03\/Vom-Korn-zum-Brot-79.jpg 2000w\" sizes=\"auto, 250px\"\/><\/a><\/div><div class=\"sgb-item\"><a href=\"https:\/\/hochrheinjournal-wt.de\/?attachment_id=31235\" target=\"_blank\"><img decoding=\"async\" alt=\"\" width=\"300\" height=\"200\" loading=\"lazy\" src=\"https:\/\/hochrheinjournal-wt.de\/wp-content\/uploads\/2025\/03\/Vom-Korn-zum-Brot-80-300x200.jpg\" srcset=\"https:\/\/hochrheinjournal-wt.de\/wp-content\/uploads\/2025\/03\/Vom-Korn-zum-Brot-80-300x200.jpg 300w,https:\/\/hochrheinjournal-wt.de\/wp-content\/uploads\/2025\/03\/Vom-Korn-zum-Brot-80-1024x682.jpg 1024w,https:\/\/hochrheinjournal-wt.de\/wp-content\/uploads\/2025\/03\/Vom-Korn-zum-Brot-80.jpg 2000w\" sizes=\"auto, 250px\"\/><\/a><\/div><div class=\"sgb-item\"><a href=\"https:\/\/hochrheinjournal-wt.de\/?attachment_id=31236\" target=\"_blank\"><img decoding=\"async\" alt=\"\" width=\"300\" height=\"200\" loading=\"lazy\" src=\"https:\/\/hochrheinjournal-wt.de\/wp-content\/uploads\/2025\/03\/Vom-Korn-zum-Brot-81-300x200.jpg\" srcset=\"https:\/\/hochrheinjournal-wt.de\/wp-content\/uploads\/2025\/03\/Vom-Korn-zum-Brot-81-300x200.jpg 300w,https:\/\/hochrheinjournal-wt.de\/wp-content\/uploads\/2025\/03\/Vom-Korn-zum-Brot-81-1024x682.jpg 1024w,https:\/\/hochrheinjournal-wt.de\/wp-content\/uploads\/2025\/03\/Vom-Korn-zum-Brot-81.jpg 2000w\" sizes=\"auto, 250px\"\/><\/a><\/div><div class=\"sgb-item\"><a href=\"https:\/\/hochrheinjournal-wt.de\/?attachment_id=31237\" target=\"_blank\"><img decoding=\"async\" alt=\"\" width=\"300\" height=\"200\" loading=\"lazy\" src=\"https:\/\/hochrheinjournal-wt.de\/wp-content\/uploads\/2025\/03\/Vom-Korn-zum-Brot-82-300x200.jpg\" srcset=\"https:\/\/hochrheinjournal-wt.de\/wp-content\/uploads\/2025\/03\/Vom-Korn-zum-Brot-82-300x200.jpg 300w,https:\/\/hochrheinjournal-wt.de\/wp-content\/uploads\/2025\/03\/Vom-Korn-zum-Brot-82-1024x682.jpg 1024w,https:\/\/hochrheinjournal-wt.de\/wp-content\/uploads\/2025\/03\/Vom-Korn-zum-Brot-82.jpg 2000w\" sizes=\"auto, 250px\"\/><\/a><\/div><div class=\"sgb-item\"><a href=\"https:\/\/hochrheinjournal-wt.de\/?attachment_id=31238\" target=\"_blank\"><img decoding=\"async\" alt=\"\" width=\"300\" height=\"200\" loading=\"lazy\" src=\"https:\/\/hochrheinjournal-wt.de\/wp-content\/uploads\/2025\/03\/Vom-Korn-zum-Brot-83-300x200.jpg\" srcset=\"https:\/\/hochrheinjournal-wt.de\/wp-content\/uploads\/2025\/03\/Vom-Korn-zum-Brot-83-300x200.jpg 300w,https:\/\/hochrheinjournal-wt.de\/wp-content\/uploads\/2025\/03\/Vom-Korn-zum-Brot-83-1024x682.jpg 1024w,https:\/\/hochrheinjournal-wt.de\/wp-content\/uploads\/2025\/03\/Vom-Korn-zum-Brot-83.jpg 2000w\" sizes=\"auto, 250px\"\/><\/a><\/div><div class=\"sgb-item\"><a href=\"https:\/\/hochrheinjournal-wt.de\/?attachment_id=31239\" target=\"_blank\"><img decoding=\"async\" alt=\"\" width=\"300\" height=\"200\" loading=\"lazy\" src=\"https:\/\/hochrheinjournal-wt.de\/wp-content\/uploads\/2025\/03\/Vom-Korn-zum-Brot-84-300x200.jpg\" srcset=\"https:\/\/hochrheinjournal-wt.de\/wp-content\/uploads\/2025\/03\/Vom-Korn-zum-Brot-84-300x200.jpg 300w,https:\/\/hochrheinjournal-wt.de\/wp-content\/uploads\/2025\/03\/Vom-Korn-zum-Brot-84-1024x682.jpg 1024w,https:\/\/hochrheinjournal-wt.de\/wp-content\/uploads\/2025\/03\/Vom-Korn-zum-Brot-84.jpg 2000w\" sizes=\"auto, 250px\"\/><\/a><\/div><div class=\"sgb-item\"><a href=\"https:\/\/hochrheinjournal-wt.de\/?attachment_id=31240\" target=\"_blank\"><img decoding=\"async\" alt=\"\" width=\"300\" height=\"200\" loading=\"lazy\" src=\"https:\/\/hochrheinjournal-wt.de\/wp-content\/uploads\/2025\/03\/Vom-Korn-zum-Brot-85-300x200.jpg\" srcset=\"https:\/\/hochrheinjournal-wt.de\/wp-content\/uploads\/2025\/03\/Vom-Korn-zum-Brot-85-300x200.jpg 300w,https:\/\/hochrheinjournal-wt.de\/wp-content\/uploads\/2025\/03\/Vom-Korn-zum-Brot-85-1024x682.jpg 1024w,https:\/\/hochrheinjournal-wt.de\/wp-content\/uploads\/2025\/03\/Vom-Korn-zum-Brot-85.jpg 2000w\" sizes=\"auto, 250px\"\/><\/a><\/div><div class=\"sgb-item\"><a href=\"https:\/\/hochrheinjournal-wt.de\/?attachment_id=31241\" target=\"_blank\"><img decoding=\"async\" alt=\"\" width=\"300\" height=\"200\" loading=\"lazy\" src=\"https:\/\/hochrheinjournal-wt.de\/wp-content\/uploads\/2025\/03\/Vom-Korn-zum-Brot-86-300x200.jpg\" srcset=\"https:\/\/hochrheinjournal-wt.de\/wp-content\/uploads\/2025\/03\/Vom-Korn-zum-Brot-86-300x200.jpg 300w,https:\/\/hochrheinjournal-wt.de\/wp-content\/uploads\/2025\/03\/Vom-Korn-zum-Brot-86-1024x682.jpg 1024w,https:\/\/hochrheinjournal-wt.de\/wp-content\/uploads\/2025\/03\/Vom-Korn-zum-Brot-86.jpg 2000w\" sizes=\"auto, 250px\"\/><\/a><\/div><div class=\"sgb-item\"><a href=\"https:\/\/hochrheinjournal-wt.de\/?attachment_id=31242\" target=\"_blank\"><img decoding=\"async\" alt=\"\" width=\"300\" height=\"200\" loading=\"lazy\" src=\"https:\/\/hochrheinjournal-wt.de\/wp-content\/uploads\/2025\/03\/Vom-Korn-zum-Brot-87-300x200.jpg\" srcset=\"https:\/\/hochrheinjournal-wt.de\/wp-content\/uploads\/2025\/03\/Vom-Korn-zum-Brot-87-300x200.jpg 300w,https:\/\/hochrheinjournal-wt.de\/wp-content\/uploads\/2025\/03\/Vom-Korn-zum-Brot-87-1024x682.jpg 1024w,https:\/\/hochrheinjournal-wt.de\/wp-content\/uploads\/2025\/03\/Vom-Korn-zum-Brot-87.jpg 2000w\" sizes=\"auto, 250px\"\/><\/a><\/div><div class=\"sgb-item\"><a href=\"https:\/\/hochrheinjournal-wt.de\/?attachment_id=31243\" target=\"_blank\"><img decoding=\"async\" alt=\"\" width=\"300\" height=\"200\" loading=\"lazy\" src=\"https:\/\/hochrheinjournal-wt.de\/wp-content\/uploads\/2025\/03\/Vom-Korn-zum-Brot-88-300x200.jpg\" srcset=\"https:\/\/hochrheinjournal-wt.de\/wp-content\/uploads\/2025\/03\/Vom-Korn-zum-Brot-88-300x200.jpg 300w,https:\/\/hochrheinjournal-wt.de\/wp-content\/uploads\/2025\/03\/Vom-Korn-zum-Brot-88-1024x682.jpg 1024w,https:\/\/hochrheinjournal-wt.de\/wp-content\/uploads\/2025\/03\/Vom-Korn-zum-Brot-88.jpg 2000w\" sizes=\"auto, 250px\"\/><\/a><\/div><div class=\"sgb-item\"><a href=\"https:\/\/hochrheinjournal-wt.de\/?attachment_id=31244\" target=\"_blank\"><img decoding=\"async\" alt=\"\" width=\"300\" height=\"200\" loading=\"lazy\" src=\"https:\/\/hochrheinjournal-wt.de\/wp-content\/uploads\/2025\/03\/Vom-Korn-zum-Brot-89-300x200.jpg\" srcset=\"https:\/\/hochrheinjournal-wt.de\/wp-content\/uploads\/2025\/03\/Vom-Korn-zum-Brot-89-300x200.jpg 300w,https:\/\/hochrheinjournal-wt.de\/wp-content\/uploads\/2025\/03\/Vom-Korn-zum-Brot-89-1024x682.jpg 1024w,https:\/\/hochrheinjournal-wt.de\/wp-content\/uploads\/2025\/03\/Vom-Korn-zum-Brot-89.jpg 2000w\" sizes=\"auto, 250px\"\/><\/a><\/div><div class=\"sgb-item\"><a href=\"https:\/\/hochrheinjournal-wt.de\/?attachment_id=31245\" target=\"_blank\"><img decoding=\"async\" alt=\"\" width=\"300\" height=\"200\" loading=\"lazy\" src=\"https:\/\/hochrheinjournal-wt.de\/wp-content\/uploads\/2025\/03\/Vom-Korn-zum-Brot-90-300x200.jpg\" srcset=\"https:\/\/hochrheinjournal-wt.de\/wp-content\/uploads\/2025\/03\/Vom-Korn-zum-Brot-90-300x200.jpg 300w,https:\/\/hochrheinjournal-wt.de\/wp-content\/uploads\/2025\/03\/Vom-Korn-zum-Brot-90-1024x682.jpg 1024w,https:\/\/hochrheinjournal-wt.de\/wp-content\/uploads\/2025\/03\/Vom-Korn-zum-Brot-90.jpg 2000w\" sizes=\"auto, 250px\"\/><\/a><\/div><div class=\"sgb-item\"><a href=\"https:\/\/hochrheinjournal-wt.de\/?attachment_id=31246\" target=\"_blank\"><img decoding=\"async\" alt=\"\" width=\"300\" height=\"200\" loading=\"lazy\" src=\"https:\/\/hochrheinjournal-wt.de\/wp-content\/uploads\/2025\/03\/Vom-Korn-zum-Brot-91-300x200.jpg\" srcset=\"https:\/\/hochrheinjournal-wt.de\/wp-content\/uploads\/2025\/03\/Vom-Korn-zum-Brot-91-300x200.jpg 300w,https:\/\/hochrheinjournal-wt.de\/wp-content\/uploads\/2025\/03\/Vom-Korn-zum-Brot-91-1024x682.jpg 1024w,https:\/\/hochrheinjournal-wt.de\/wp-content\/uploads\/2025\/03\/Vom-Korn-zum-Brot-91.jpg 2000w\" sizes=\"auto, 250px\"\/><\/a><\/div><div class=\"sgb-item\"><a href=\"https:\/\/hochrheinjournal-wt.de\/?attachment_id=31247\" target=\"_blank\"><img decoding=\"async\" alt=\"\" width=\"300\" height=\"200\" loading=\"lazy\" src=\"https:\/\/hochrheinjournal-wt.de\/wp-content\/uploads\/2025\/03\/Vom-Korn-zum-Brot-92-300x200.jpg\" srcset=\"https:\/\/hochrheinjournal-wt.de\/wp-content\/uploads\/2025\/03\/Vom-Korn-zum-Brot-92-300x200.jpg 300w,https:\/\/hochrheinjournal-wt.de\/wp-content\/uploads\/2025\/03\/Vom-Korn-zum-Brot-92-1024x682.jpg 1024w,https:\/\/hochrheinjournal-wt.de\/wp-content\/uploads\/2025\/03\/Vom-Korn-zum-Brot-92.jpg 2000w\" sizes=\"auto, 250px\"\/><\/a><\/div><div class=\"sgb-item\"><a href=\"https:\/\/hochrheinjournal-wt.de\/?attachment_id=31248\" target=\"_blank\"><img decoding=\"async\" alt=\"\" width=\"300\" height=\"200\" loading=\"lazy\" src=\"https:\/\/hochrheinjournal-wt.de\/wp-content\/uploads\/2025\/03\/Vom-Korn-zum-Brot-93-300x200.jpg\" srcset=\"https:\/\/hochrheinjournal-wt.de\/wp-content\/uploads\/2025\/03\/Vom-Korn-zum-Brot-93-300x200.jpg 300w,https:\/\/hochrheinjournal-wt.de\/wp-content\/uploads\/2025\/03\/Vom-Korn-zum-Brot-93-1024x682.jpg 1024w,https:\/\/hochrheinjournal-wt.de\/wp-content\/uploads\/2025\/03\/Vom-Korn-zum-Brot-93.jpg 2000w\" sizes=\"auto, 250px\"\/><\/a><\/div><div class=\"sgb-item\"><a href=\"https:\/\/hochrheinjournal-wt.de\/?attachment_id=31249\" target=\"_blank\"><img decoding=\"async\" alt=\"\" width=\"300\" height=\"200\" loading=\"lazy\" src=\"https:\/\/hochrheinjournal-wt.de\/wp-content\/uploads\/2025\/03\/Vom-Korn-zum-Brot-94-300x200.jpg\" srcset=\"https:\/\/hochrheinjournal-wt.de\/wp-content\/uploads\/2025\/03\/Vom-Korn-zum-Brot-94-300x200.jpg 300w,https:\/\/hochrheinjournal-wt.de\/wp-content\/uploads\/2025\/03\/Vom-Korn-zum-Brot-94-1024x682.jpg 1024w,https:\/\/hochrheinjournal-wt.de\/wp-content\/uploads\/2025\/03\/Vom-Korn-zum-Brot-94.jpg 2000w\" sizes=\"auto, 250px\"\/><\/a><\/div><div class=\"sgb-item\"><a href=\"https:\/\/hochrheinjournal-wt.de\/?attachment_id=31250\" target=\"_blank\"><img decoding=\"async\" alt=\"\" width=\"300\" height=\"200\" loading=\"lazy\" src=\"https:\/\/hochrheinjournal-wt.de\/wp-content\/uploads\/2025\/03\/Vom-Korn-zum-Brot-95-300x200.jpg\" srcset=\"https:\/\/hochrheinjournal-wt.de\/wp-content\/uploads\/2025\/03\/Vom-Korn-zum-Brot-95-300x200.jpg 300w,https:\/\/hochrheinjournal-wt.de\/wp-content\/uploads\/2025\/03\/Vom-Korn-zum-Brot-95-1024x682.jpg 1024w,https:\/\/hochrheinjournal-wt.de\/wp-content\/uploads\/2025\/03\/Vom-Korn-zum-Brot-95.jpg 2000w\" sizes=\"auto, 250px\"\/><\/a><\/div><div class=\"sgb-item\"><a href=\"https:\/\/hochrheinjournal-wt.de\/?attachment_id=31251\" target=\"_blank\"><img decoding=\"async\" alt=\"\" width=\"300\" height=\"200\" loading=\"lazy\" src=\"https:\/\/hochrheinjournal-wt.de\/wp-content\/uploads\/2025\/03\/Vom-Korn-zum-Brot-96-300x200.jpg\" srcset=\"https:\/\/hochrheinjournal-wt.de\/wp-content\/uploads\/2025\/03\/Vom-Korn-zum-Brot-96-300x200.jpg 300w,https:\/\/hochrheinjournal-wt.de\/wp-content\/uploads\/2025\/03\/Vom-Korn-zum-Brot-96-1024x682.jpg 1024w,https:\/\/hochrheinjournal-wt.de\/wp-content\/uploads\/2025\/03\/Vom-Korn-zum-Brot-96.jpg 2000w\" sizes=\"auto, 250px\"\/><\/a><\/div><div class=\"sgb-item\"><a href=\"https:\/\/hochrheinjournal-wt.de\/?attachment_id=31252\" target=\"_blank\"><img decoding=\"async\" alt=\"\" width=\"300\" height=\"200\" loading=\"lazy\" src=\"https:\/\/hochrheinjournal-wt.de\/wp-content\/uploads\/2025\/03\/Vom-Korn-zum-Brot-97-300x200.jpg\" srcset=\"https:\/\/hochrheinjournal-wt.de\/wp-content\/uploads\/2025\/03\/Vom-Korn-zum-Brot-97-300x200.jpg 300w,https:\/\/hochrheinjournal-wt.de\/wp-content\/uploads\/2025\/03\/Vom-Korn-zum-Brot-97-1024x683.jpg 1024w,https:\/\/hochrheinjournal-wt.de\/wp-content\/uploads\/2025\/03\/Vom-Korn-zum-Brot-97.jpg 2000w\" sizes=\"auto, 250px\"\/><\/a><\/div><div class=\"sgb-item\"><a href=\"https:\/\/hochrheinjournal-wt.de\/?attachment_id=31253\" target=\"_blank\"><img decoding=\"async\" alt=\"\" width=\"300\" height=\"200\" loading=\"lazy\" src=\"https:\/\/hochrheinjournal-wt.de\/wp-content\/uploads\/2025\/03\/Vom-Korn-zum-Brot-98-300x200.jpg\" srcset=\"https:\/\/hochrheinjournal-wt.de\/wp-content\/uploads\/2025\/03\/Vom-Korn-zum-Brot-98-300x200.jpg 300w,https:\/\/hochrheinjournal-wt.de\/wp-content\/uploads\/2025\/03\/Vom-Korn-zum-Brot-98-1024x683.jpg 1024w,https:\/\/hochrheinjournal-wt.de\/wp-content\/uploads\/2025\/03\/Vom-Korn-zum-Brot-98.jpg 2000w\" sizes=\"auto, 250px\"\/><\/a><\/div><div class=\"sgb-item\"><a href=\"https:\/\/hochrheinjournal-wt.de\/?attachment_id=31254\" target=\"_blank\"><img decoding=\"async\" alt=\"\" width=\"300\" height=\"200\" loading=\"lazy\" src=\"https:\/\/hochrheinjournal-wt.de\/wp-content\/uploads\/2025\/03\/Vom-Korn-zum-Brot-99-300x200.jpg\" srcset=\"https:\/\/hochrheinjournal-wt.de\/wp-content\/uploads\/2025\/03\/Vom-Korn-zum-Brot-99-300x200.jpg 300w,https:\/\/hochrheinjournal-wt.de\/wp-content\/uploads\/2025\/03\/Vom-Korn-zum-Brot-99-1024x682.jpg 1024w,https:\/\/hochrheinjournal-wt.de\/wp-content\/uploads\/2025\/03\/Vom-Korn-zum-Brot-99.jpg 2000w\" sizes=\"auto, 250px\"\/><\/a><\/div><\/div><\/noscript><\/div><script type=\"application\/json\" class=\"sgb-data\">{\"galleryType\":\"pgc_sgb_masonry\",\"galleryId\":\"b8f61571\",\"images\":[{\"id\":31156,\"title\":\"Vom Korn zum Brot-1\",\"url\":\"https:\/\/hochrheinjournal-wt.de\/wp-content\/uploads\/2025\/03\/Vom-Korn-zum-Brot-1.jpg\",\"link\":\"https:\/\/hochrheinjournal-wt.de\/?attachment_id=31156\",\"alt\":\"\",\"description\":\"\",\"caption\":\"\",\"mime\":\"image\/jpeg\",\"type\":\"image\",\"width\":2000,\"height\":1333,\"sizes\":{\"thumbnail\":{\"height\":150,\"width\":150,\"url\":\"https:\/\/hochrheinjournal-wt.de\/wp-content\/uploads\/2025\/03\/Vom-Korn-zum-Brot-1-150x150.jpg\",\"orientation\":\"landscape\"},\"medium\":{\"height\":200,\"width\":300,\"url\":\"https:\/\/hochrheinjournal-wt.de\/wp-content\/uploads\/2025\/03\/Vom-Korn-zum-Brot-1-300x200.jpg\",\"orientation\":\"landscape\"},\"large\":{\"height\":682,\"width\":1024,\"url\":\"https:\/\/hochrheinjournal-wt.de\/wp-content\/uploads\/2025\/03\/Vom-Korn-zum-Brot-1-1024x682.jpg\",\"orientation\":\"landscape\"},\"full\":{\"url\":\"https:\/\/hochrheinjournal-wt.de\/wp-content\/uploads\/2025\/03\/Vom-Korn-zum-Brot-1.jpg\",\"height\":1333,\"width\":2000,\"orientation\":\"landscape\"}},\"imageMeta\":{\"aperture\":\"11\",\"credit\":\"\",\"camera\":\"ILCE-9M2\",\"caption\":\"\",\"created_timestamp\":\"1742632107\",\"copyright\":\"\",\"focal_length\":\"25\",\"iso\":\"320\",\"shutter_speed\":\"0.004\",\"title\":\"\",\"orientation\":\"0\",\"keywords\":[]},\"meta\":false,\"postlink\":\"https:\/\/hochrheinjournal-wt.de\/?attachment_id=31156\"},{\"id\":31157,\"title\":\"Vom Korn zum Brot-2\",\"url\":\"https:\/\/hochrheinjournal-wt.de\/wp-content\/uploads\/2025\/03\/Vom-Korn-zum-Brot-2.jpg\",\"link\":\"https:\/\/hochrheinjournal-wt.de\/?attachment_id=31157\",\"alt\":\"\",\"description\":\"\",\"caption\":\"\",\"mime\":\"image\/jpeg\",\"type\":\"image\",\"width\":2000,\"height\":1333,\"sizes\":{\"thumbnail\":{\"height\":150,\"width\":150,\"url\":\"https:\/\/hochrheinjournal-wt.de\/wp-content\/uploads\/2025\/03\/Vom-Korn-zum-Brot-2-150x150.jpg\",\"orientation\":\"landscape\"},\"medium\":{\"height\":200,\"width\":300,\"url\":\"https:\/\/hochrheinjournal-wt.de\/wp-content\/uploads\/2025\/03\/Vom-Korn-zum-Brot-2-300x200.jpg\",\"orientation\":\"landscape\"},\"large\":{\"height\":682,\"width\":1024,\"url\":\"https:\/\/hochrheinjournal-wt.de\/wp-content\/uploads\/2025\/03\/Vom-Korn-zum-Brot-2-1024x682.jpg\",\"orientation\":\"landscape\"},\"full\":{\"url\":\"https:\/\/hochrheinjournal-wt.de\/wp-content\/uploads\/2025\/03\/Vom-Korn-zum-Brot-2.jpg\",\"height\":1333,\"width\":2000,\"orientation\":\"landscape\"}},\"imageMeta\":{\"aperture\":\"11\",\"credit\":\"\",\"camera\":\"ILCE-9M2\",\"caption\":\"\",\"created_timestamp\":\"1742632131\",\"copyright\":\"\",\"focal_length\":\"33\",\"iso\":\"320\",\"shutter_speed\":\"0.004\",\"title\":\"\",\"orientation\":\"0\",\"keywords\":[]},\"meta\":false,\"postlink\":\"https:\/\/hochrheinjournal-wt.de\/?attachment_id=31157\"},{\"id\":31158,\"title\":\"Vom Korn zum Brot-3\",\"url\":\"https:\/\/hochrheinjournal-wt.de\/wp-content\/uploads\/2025\/03\/Vom-Korn-zum-Brot-3.jpg\",\"link\":\"https:\/\/hochrheinjournal-wt.de\/?attachment_id=31158\",\"alt\":\"\",\"description\":\"\",\"caption\":\"\",\"mime\":\"image\/jpeg\",\"type\":\"image\",\"width\":2000,\"height\":1333,\"sizes\":{\"thumbnail\":{\"height\":150,\"width\":150,\"url\":\"https:\/\/hochrheinjournal-wt.de\/wp-content\/uploads\/2025\/03\/Vom-Korn-zum-Brot-3-150x150.jpg\",\"orientation\":\"landscape\"},\"medium\":{\"height\":200,\"width\":300,\"url\":\"https:\/\/hochrheinjournal-wt.de\/wp-content\/uploads\/2025\/03\/Vom-Korn-zum-Brot-3-300x200.jpg\",\"orientation\":\"landscape\"},\"large\":{\"height\":682,\"width\":1024,\"url\":\"https:\/\/hochrheinjournal-wt.de\/wp-content\/uploads\/2025\/03\/Vom-Korn-zum-Brot-3-1024x682.jpg\",\"orientation\":\"landscape\"},\"full\":{\"url\":\"https:\/\/hochrheinjournal-wt.de\/wp-content\/uploads\/2025\/03\/Vom-Korn-zum-Brot-3.jpg\",\"height\":1333,\"width\":2000,\"orientation\":\"landscape\"}},\"imageMeta\":{\"aperture\":\"11\",\"credit\":\"\",\"camera\":\"ILCE-9M2\",\"caption\":\"\",\"created_timestamp\":\"1742632308\",\"copyright\":\"\",\"focal_length\":\"58\",\"iso\":\"320\",\"shutter_speed\":\"0.004\",\"title\":\"\",\"orientation\":\"0\",\"keywords\":[]},\"meta\":false,\"postlink\":\"https:\/\/hochrheinjournal-wt.de\/?attachment_id=31158\"},{\"id\":31159,\"title\":\"Vom Korn zum Brot-4\",\"url\":\"https:\/\/hochrheinjournal-wt.de\/wp-content\/uploads\/2025\/03\/Vom-Korn-zum-Brot-4.jpg\",\"link\":\"https:\/\/hochrheinjournal-wt.de\/?attachment_id=31159\",\"alt\":\"\",\"description\":\"\",\"caption\":\"\",\"mime\":\"image\/jpeg\",\"type\":\"image\",\"width\":2000,\"height\":1333,\"sizes\":{\"thumbnail\":{\"height\":150,\"width\":150,\"url\":\"https:\/\/hochrheinjournal-wt.de\/wp-content\/uploads\/2025\/03\/Vom-Korn-zum-Brot-4-150x150.jpg\",\"orientation\":\"landscape\"},\"medium\":{\"height\":200,\"width\":300,\"url\":\"https:\/\/hochrheinjournal-wt.de\/wp-content\/uploads\/2025\/03\/Vom-Korn-zum-Brot-4-300x200.jpg\",\"orientation\":\"landscape\"},\"large\":{\"height\":682,\"width\":1024,\"url\":\"https:\/\/hochrheinjournal-wt.de\/wp-content\/uploads\/2025\/03\/Vom-Korn-zum-Brot-4-1024x682.jpg\",\"orientation\":\"landscape\"},\"full\":{\"url\":\"https:\/\/hochrheinjournal-wt.de\/wp-content\/uploads\/2025\/03\/Vom-Korn-zum-Brot-4.jpg\",\"height\":1333,\"width\":2000,\"orientation\":\"landscape\"}},\"imageMeta\":{\"aperture\":\"11\",\"credit\":\"\",\"camera\":\"ILCE-9M2\",\"caption\":\"\",\"created_timestamp\":\"1742632343\",\"copyright\":\"\",\"focal_length\":\"58\",\"iso\":\"320\",\"shutter_speed\":\"0.004\",\"title\":\"\",\"orientation\":\"0\",\"keywords\":[]},\"meta\":false,\"postlink\":\"https:\/\/hochrheinjournal-wt.de\/?attachment_id=31159\"},{\"id\":31160,\"title\":\"Vom Korn zum Brot-5\",\"url\":\"https:\/\/hochrheinjournal-wt.de\/wp-content\/uploads\/2025\/03\/Vom-Korn-zum-Brot-5.jpg\",\"link\":\"https:\/\/hochrheinjournal-wt.de\/?attachment_id=31160\",\"alt\":\"\",\"description\":\"\",\"caption\":\"\",\"mime\":\"image\/jpeg\",\"type\":\"image\",\"width\":2000,\"height\":1333,\"sizes\":{\"thumbnail\":{\"height\":150,\"width\":150,\"url\":\"https:\/\/hochrheinjournal-wt.de\/wp-content\/uploads\/2025\/03\/Vom-Korn-zum-Brot-5-150x150.jpg\",\"orientation\":\"landscape\"},\"medium\":{\"height\":200,\"width\":300,\"url\":\"https:\/\/hochrheinjournal-wt.de\/wp-content\/uploads\/2025\/03\/Vom-Korn-zum-Brot-5-300x200.jpg\",\"orientation\":\"landscape\"},\"large\":{\"height\":682,\"width\":1024,\"url\":\"https:\/\/hochrheinjournal-wt.de\/wp-content\/uploads\/2025\/03\/Vom-Korn-zum-Brot-5-1024x682.jpg\",\"orientation\":\"landscape\"},\"full\":{\"url\":\"https:\/\/hochrheinjournal-wt.de\/wp-content\/uploads\/2025\/03\/Vom-Korn-zum-Brot-5.jpg\",\"height\":1333,\"width\":2000,\"orientation\":\"landscape\"}},\"imageMeta\":{\"aperture\":\"8\",\"credit\":\"\",\"camera\":\"ILCE-9M2\",\"caption\":\"\",\"created_timestamp\":\"1742632819\",\"copyright\":\"\",\"focal_length\":\"41\",\"iso\":\"320\",\"shutter_speed\":\"0.004\",\"title\":\"\",\"orientation\":\"0\",\"keywords\":[]},\"meta\":false,\"postlink\":\"https:\/\/hochrheinjournal-wt.de\/?attachment_id=31160\"},{\"id\":31161,\"title\":\"Vom Korn zum Brot-6\",\"url\":\"https:\/\/hochrheinjournal-wt.de\/wp-content\/uploads\/2025\/03\/Vom-Korn-zum-Brot-6.jpg\",\"link\":\"https:\/\/hochrheinjournal-wt.de\/?attachment_id=31161\",\"alt\":\"\",\"description\":\"\",\"caption\":\"\",\"mime\":\"image\/jpeg\",\"type\":\"image\",\"width\":2000,\"height\":1333,\"sizes\":{\"thumbnail\":{\"height\":150,\"width\":150,\"url\":\"https:\/\/hochrheinjournal-wt.de\/wp-content\/uploads\/2025\/03\/Vom-Korn-zum-Brot-6-150x150.jpg\",\"orientation\":\"landscape\"},\"medium\":{\"height\":200,\"width\":300,\"url\":\"https:\/\/hochrheinjournal-wt.de\/wp-content\/uploads\/2025\/03\/Vom-Korn-zum-Brot-6-300x200.jpg\",\"orientation\":\"landscape\"},\"large\":{\"height\":682,\"width\":1024,\"url\":\"https:\/\/hochrheinjournal-wt.de\/wp-content\/uploads\/2025\/03\/Vom-Korn-zum-Brot-6-1024x682.jpg\",\"orientation\":\"landscape\"},\"full\":{\"url\":\"https:\/\/hochrheinjournal-wt.de\/wp-content\/uploads\/2025\/03\/Vom-Korn-zum-Brot-6.jpg\",\"height\":1333,\"width\":2000,\"orientation\":\"landscape\"}},\"imageMeta\":{\"aperture\":\"8\",\"credit\":\"\",\"camera\":\"ILCE-9M2\",\"caption\":\"\",\"created_timestamp\":\"1742632845\",\"copyright\":\"\",\"focal_length\":\"31\",\"iso\":\"320\",\"shutter_speed\":\"0.004\",\"title\":\"\",\"orientation\":\"0\",\"keywords\":[]},\"meta\":false,\"postlink\":\"https:\/\/hochrheinjournal-wt.de\/?attachment_id=31161\"},{\"id\":31162,\"title\":\"Vom Korn zum Brot-7\",\"url\":\"https:\/\/hochrheinjournal-wt.de\/wp-content\/uploads\/2025\/03\/Vom-Korn-zum-Brot-7.jpg\",\"link\":\"https:\/\/hochrheinjournal-wt.de\/?attachment_id=31162\",\"alt\":\"\",\"description\":\"\",\"caption\":\"\",\"mime\":\"image\/jpeg\",\"type\":\"image\",\"width\":1333,\"height\":2000,\"sizes\":{\"thumbnail\":{\"height\":150,\"width\":150,\"url\":\"https:\/\/hochrheinjournal-wt.de\/wp-content\/uploads\/2025\/03\/Vom-Korn-zum-Brot-7-150x150.jpg\",\"orientation\":\"landscape\"},\"medium\":{\"height\":300,\"width\":200,\"url\":\"https:\/\/hochrheinjournal-wt.de\/wp-content\/uploads\/2025\/03\/Vom-Korn-zum-Brot-7-200x300.jpg\",\"orientation\":\"portrait\"},\"large\":{\"height\":1024,\"width\":682,\"url\":\"https:\/\/hochrheinjournal-wt.de\/wp-content\/uploads\/2025\/03\/Vom-Korn-zum-Brot-7-682x1024.jpg\",\"orientation\":\"portrait\"},\"full\":{\"url\":\"https:\/\/hochrheinjournal-wt.de\/wp-content\/uploads\/2025\/03\/Vom-Korn-zum-Brot-7.jpg\",\"height\":2000,\"width\":1333,\"orientation\":\"portrait\"}},\"imageMeta\":{\"aperture\":\"8\",\"credit\":\"\",\"camera\":\"ILCE-9M2\",\"caption\":\"\",\"created_timestamp\":\"1742632879\",\"copyright\":\"\",\"focal_length\":\"49\",\"iso\":\"320\",\"shutter_speed\":\"0.004\",\"title\":\"\",\"orientation\":\"0\",\"keywords\":[]},\"meta\":false,\"postlink\":\"https:\/\/hochrheinjournal-wt.de\/?attachment_id=31162\"},{\"id\":31163,\"title\":\"Vom Korn zum Brot-8\",\"url\":\"https:\/\/hochrheinjournal-wt.de\/wp-content\/uploads\/2025\/03\/Vom-Korn-zum-Brot-8.jpg\",\"link\":\"https:\/\/hochrheinjournal-wt.de\/?attachment_id=31163\",\"alt\":\"\",\"description\":\"\",\"caption\":\"\",\"mime\":\"image\/jpeg\",\"type\":\"image\",\"width\":2000,\"height\":1333,\"sizes\":{\"thumbnail\":{\"height\":150,\"width\":150,\"url\":\"https:\/\/hochrheinjournal-wt.de\/wp-content\/uploads\/2025\/03\/Vom-Korn-zum-Brot-8-150x150.jpg\",\"orientation\":\"landscape\"},\"medium\":{\"height\":200,\"width\":300,\"url\":\"https:\/\/hochrheinjournal-wt.de\/wp-content\/uploads\/2025\/03\/Vom-Korn-zum-Brot-8-300x200.jpg\",\"orientation\":\"landscape\"},\"large\":{\"height\":682,\"width\":1024,\"url\":\"https:\/\/hochrheinjournal-wt.de\/wp-content\/uploads\/2025\/03\/Vom-Korn-zum-Brot-8-1024x682.jpg\",\"orientation\":\"landscape\"},\"full\":{\"url\":\"https:\/\/hochrheinjournal-wt.de\/wp-content\/uploads\/2025\/03\/Vom-Korn-zum-Brot-8.jpg\",\"height\":1333,\"width\":2000,\"orientation\":\"landscape\"}},\"imageMeta\":{\"aperture\":\"9\",\"credit\":\"\",\"camera\":\"ILCE-9M2\",\"caption\":\"\",\"created_timestamp\":\"1742632984\",\"copyright\":\"\",\"focal_length\":\"24\",\"iso\":\"160\",\"shutter_speed\":\"0.004\",\"title\":\"\",\"orientation\":\"0\",\"keywords\":[]},\"meta\":false,\"postlink\":\"https:\/\/hochrheinjournal-wt.de\/?attachment_id=31163\"},{\"id\":31164,\"title\":\"Vom Korn zum Brot-9\",\"url\":\"https:\/\/hochrheinjournal-wt.de\/wp-content\/uploads\/2025\/03\/Vom-Korn-zum-Brot-9.jpg\",\"link\":\"https:\/\/hochrheinjournal-wt.de\/?attachment_id=31164\",\"alt\":\"\",\"description\":\"\",\"caption\":\"\",\"mime\":\"image\/jpeg\",\"type\":\"image\",\"width\":2000,\"height\":1333,\"sizes\":{\"thumbnail\":{\"height\":150,\"width\":150,\"url\":\"https:\/\/hochrheinjournal-wt.de\/wp-content\/uploads\/2025\/03\/Vom-Korn-zum-Brot-9-150x150.jpg\",\"orientation\":\"landscape\"},\"medium\":{\"height\":200,\"width\":300,\"url\":\"https:\/\/hochrheinjournal-wt.de\/wp-content\/uploads\/2025\/03\/Vom-Korn-zum-Brot-9-300x200.jpg\",\"orientation\":\"landscape\"},\"large\":{\"height\":682,\"width\":1024,\"url\":\"https:\/\/hochrheinjournal-wt.de\/wp-content\/uploads\/2025\/03\/Vom-Korn-zum-Brot-9-1024x682.jpg\",\"orientation\":\"landscape\"},\"full\":{\"url\":\"https:\/\/hochrheinjournal-wt.de\/wp-content\/uploads\/2025\/03\/Vom-Korn-zum-Brot-9.jpg\",\"height\":1333,\"width\":2000,\"orientation\":\"landscape\"}},\"imageMeta\":{\"aperture\":\"9\",\"credit\":\"\",\"camera\":\"ILCE-9M2\",\"caption\":\"\",\"created_timestamp\":\"1742633347\",\"copyright\":\"\",\"focal_length\":\"40\",\"iso\":\"160\",\"shutter_speed\":\"0.004\",\"title\":\"\",\"orientation\":\"0\",\"keywords\":[]},\"meta\":false,\"postlink\":\"https:\/\/hochrheinjournal-wt.de\/?attachment_id=31164\"},{\"id\":31165,\"title\":\"Vom Korn zum Brot-10\",\"url\":\"https:\/\/hochrheinjournal-wt.de\/wp-content\/uploads\/2025\/03\/Vom-Korn-zum-Brot-10.jpg\",\"link\":\"https:\/\/hochrheinjournal-wt.de\/?attachment_id=31165\",\"alt\":\"\",\"description\":\"\",\"caption\":\"\",\"mime\":\"image\/jpeg\",\"type\":\"image\",\"width\":1333,\"height\":2000,\"sizes\":{\"thumbnail\":{\"height\":150,\"width\":150,\"url\":\"https:\/\/hochrheinjournal-wt.de\/wp-content\/uploads\/2025\/03\/Vom-Korn-zum-Brot-10-150x150.jpg\",\"orientation\":\"landscape\"},\"medium\":{\"height\":300,\"width\":200,\"url\":\"https:\/\/hochrheinjournal-wt.de\/wp-content\/uploads\/2025\/03\/Vom-Korn-zum-Brot-10-200x300.jpg\",\"orientation\":\"portrait\"},\"large\":{\"height\":1024,\"width\":682,\"url\":\"https:\/\/hochrheinjournal-wt.de\/wp-content\/uploads\/2025\/03\/Vom-Korn-zum-Brot-10-682x1024.jpg\",\"orientation\":\"portrait\"},\"full\":{\"url\":\"https:\/\/hochrheinjournal-wt.de\/wp-content\/uploads\/2025\/03\/Vom-Korn-zum-Brot-10.jpg\",\"height\":2000,\"width\":1333,\"orientation\":\"portrait\"}},\"imageMeta\":{\"aperture\":\"11\",\"credit\":\"\",\"camera\":\"ILCE-9M2\",\"caption\":\"\",\"created_timestamp\":\"1742633367\",\"copyright\":\"\",\"focal_length\":\"31\",\"iso\":\"160\",\"shutter_speed\":\"0.004\",\"title\":\"\",\"orientation\":\"0\",\"keywords\":[]},\"meta\":false,\"postlink\":\"https:\/\/hochrheinjournal-wt.de\/?attachment_id=31165\"},{\"id\":31166,\"title\":\"Vom Korn zum Brot-11\",\"url\":\"https:\/\/hochrheinjournal-wt.de\/wp-content\/uploads\/2025\/03\/Vom-Korn-zum-Brot-11.jpg\",\"link\":\"https:\/\/hochrheinjournal-wt.de\/?attachment_id=31166\",\"alt\":\"\",\"description\":\"\",\"caption\":\"\",\"mime\":\"image\/jpeg\",\"type\":\"image\",\"width\":2000,\"height\":1333,\"sizes\":{\"thumbnail\":{\"height\":150,\"width\":150,\"url\":\"https:\/\/hochrheinjournal-wt.de\/wp-content\/uploads\/2025\/03\/Vom-Korn-zum-Brot-11-150x150.jpg\",\"orientation\":\"landscape\"},\"medium\":{\"height\":200,\"width\":300,\"url\":\"https:\/\/hochrheinjournal-wt.de\/wp-content\/uploads\/2025\/03\/Vom-Korn-zum-Brot-11-300x200.jpg\",\"orientation\":\"landscape\"},\"large\":{\"height\":682,\"width\":1024,\"url\":\"https:\/\/hochrheinjournal-wt.de\/wp-content\/uploads\/2025\/03\/Vom-Korn-zum-Brot-11-1024x682.jpg\",\"orientation\":\"landscape\"},\"full\":{\"url\":\"https:\/\/hochrheinjournal-wt.de\/wp-content\/uploads\/2025\/03\/Vom-Korn-zum-Brot-11.jpg\",\"height\":1333,\"width\":2000,\"orientation\":\"landscape\"}},\"imageMeta\":{\"aperture\":\"8\",\"credit\":\"\",\"camera\":\"ILCE-9M2\",\"caption\":\"\",\"created_timestamp\":\"1742633376\",\"copyright\":\"\",\"focal_length\":\"31\",\"iso\":\"160\",\"shutter_speed\":\"0.004\",\"title\":\"\",\"orientation\":\"0\",\"keywords\":[]},\"meta\":false,\"postlink\":\"https:\/\/hochrheinjournal-wt.de\/?attachment_id=31166\"},{\"id\":31167,\"title\":\"Vom Korn zum Brot-12\",\"url\":\"https:\/\/hochrheinjournal-wt.de\/wp-content\/uploads\/2025\/03\/Vom-Korn-zum-Brot-12.jpg\",\"link\":\"https:\/\/hochrheinjournal-wt.de\/?attachment_id=31167\",\"alt\":\"\",\"description\":\"\",\"caption\":\"\",\"mime\":\"image\/jpeg\",\"type\":\"image\",\"width\":2000,\"height\":1333,\"sizes\":{\"thumbnail\":{\"height\":150,\"width\":150,\"url\":\"https:\/\/hochrheinjournal-wt.de\/wp-content\/uploads\/2025\/03\/Vom-Korn-zum-Brot-12-150x150.jpg\",\"orientation\":\"landscape\"},\"medium\":{\"height\":200,\"width\":300,\"url\":\"https:\/\/hochrheinjournal-wt.de\/wp-content\/uploads\/2025\/03\/Vom-Korn-zum-Brot-12-300x200.jpg\",\"orientation\":\"landscape\"},\"large\":{\"height\":682,\"width\":1024,\"url\":\"https:\/\/hochrheinjournal-wt.de\/wp-content\/uploads\/2025\/03\/Vom-Korn-zum-Brot-12-1024x682.jpg\",\"orientation\":\"landscape\"},\"full\":{\"url\":\"https:\/\/hochrheinjournal-wt.de\/wp-content\/uploads\/2025\/03\/Vom-Korn-zum-Brot-12.jpg\",\"height\":1333,\"width\":2000,\"orientation\":\"landscape\"}},\"imageMeta\":{\"aperture\":\"11\",\"credit\":\"\",\"camera\":\"ILCE-9M2\",\"caption\":\"\",\"created_timestamp\":\"1742633463\",\"copyright\":\"\",\"focal_length\":\"38\",\"iso\":\"160\",\"shutter_speed\":\"0.004\",\"title\":\"\",\"orientation\":\"0\",\"keywords\":[]},\"meta\":false,\"postlink\":\"https:\/\/hochrheinjournal-wt.de\/?attachment_id=31167\"},{\"id\":31168,\"title\":\"Vom Korn zum Brot-13\",\"url\":\"https:\/\/hochrheinjournal-wt.de\/wp-content\/uploads\/2025\/03\/Vom-Korn-zum-Brot-13.jpg\",\"link\":\"https:\/\/hochrheinjournal-wt.de\/?attachment_id=31168\",\"alt\":\"\",\"description\":\"\",\"caption\":\"\",\"mime\":\"image\/jpeg\",\"type\":\"image\",\"width\":1333,\"height\":2000,\"sizes\":{\"thumbnail\":{\"height\":150,\"width\":150,\"url\":\"https:\/\/hochrheinjournal-wt.de\/wp-content\/uploads\/2025\/03\/Vom-Korn-zum-Brot-13-150x150.jpg\",\"orientation\":\"landscape\"},\"medium\":{\"height\":300,\"width\":200,\"url\":\"https:\/\/hochrheinjournal-wt.de\/wp-content\/uploads\/2025\/03\/Vom-Korn-zum-Brot-13-200x300.jpg\",\"orientation\":\"portrait\"},\"large\":{\"height\":1024,\"width\":682,\"url\":\"https:\/\/hochrheinjournal-wt.de\/wp-content\/uploads\/2025\/03\/Vom-Korn-zum-Brot-13-682x1024.jpg\",\"orientation\":\"portrait\"},\"full\":{\"url\":\"https:\/\/hochrheinjournal-wt.de\/wp-content\/uploads\/2025\/03\/Vom-Korn-zum-Brot-13.jpg\",\"height\":2000,\"width\":1333,\"orientation\":\"portrait\"}},\"imageMeta\":{\"aperture\":\"5.6\",\"credit\":\"\",\"camera\":\"ILCE-9M2\",\"caption\":\"\",\"created_timestamp\":\"1742634601\",\"copyright\":\"\",\"focal_length\":\"31\",\"iso\":\"160\",\"shutter_speed\":\"0.01\",\"title\":\"\",\"orientation\":\"0\",\"keywords\":[]},\"meta\":false,\"postlink\":\"https:\/\/hochrheinjournal-wt.de\/?attachment_id=31168\"},{\"id\":31169,\"title\":\"Vom Korn zum Brot-14\",\"url\":\"https:\/\/hochrheinjournal-wt.de\/wp-content\/uploads\/2025\/03\/Vom-Korn-zum-Brot-14.jpg\",\"link\":\"https:\/\/hochrheinjournal-wt.de\/?attachment_id=31169\",\"alt\":\"\",\"description\":\"\",\"caption\":\"\",\"mime\":\"image\/jpeg\",\"type\":\"image\",\"width\":1333,\"height\":2000,\"sizes\":{\"thumbnail\":{\"height\":150,\"width\":150,\"url\":\"https:\/\/hochrheinjournal-wt.de\/wp-content\/uploads\/2025\/03\/Vom-Korn-zum-Brot-14-150x150.jpg\",\"orientation\":\"landscape\"},\"medium\":{\"height\":300,\"width\":200,\"url\":\"https:\/\/hochrheinjournal-wt.de\/wp-content\/uploads\/2025\/03\/Vom-Korn-zum-Brot-14-200x300.jpg\",\"orientation\":\"portrait\"},\"large\":{\"height\":1024,\"width\":682,\"url\":\"https:\/\/hochrheinjournal-wt.de\/wp-content\/uploads\/2025\/03\/Vom-Korn-zum-Brot-14-682x1024.jpg\",\"orientation\":\"portrait\"},\"full\":{\"url\":\"https:\/\/hochrheinjournal-wt.de\/wp-content\/uploads\/2025\/03\/Vom-Korn-zum-Brot-14.jpg\",\"height\":2000,\"width\":1333,\"orientation\":\"portrait\"}},\"imageMeta\":{\"aperture\":\"5.6\",\"credit\":\"\",\"camera\":\"ILCE-9M2\",\"caption\":\"\",\"created_timestamp\":\"1742634616\",\"copyright\":\"\",\"focal_length\":\"38\",\"iso\":\"160\",\"shutter_speed\":\"0.01\",\"title\":\"\",\"orientation\":\"0\",\"keywords\":[]},\"meta\":false,\"postlink\":\"https:\/\/hochrheinjournal-wt.de\/?attachment_id=31169\"},{\"id\":31170,\"title\":\"Vom Korn zum Brot-15\",\"url\":\"https:\/\/hochrheinjournal-wt.de\/wp-content\/uploads\/2025\/03\/Vom-Korn-zum-Brot-15.jpg\",\"link\":\"https:\/\/hochrheinjournal-wt.de\/?attachment_id=31170\",\"alt\":\"\",\"description\":\"\",\"caption\":\"\",\"mime\":\"image\/jpeg\",\"type\":\"image\",\"width\":1333,\"height\":2000,\"sizes\":{\"thumbnail\":{\"height\":150,\"width\":150,\"url\":\"https:\/\/hochrheinjournal-wt.de\/wp-content\/uploads\/2025\/03\/Vom-Korn-zum-Brot-15-150x150.jpg\",\"orientation\":\"landscape\"},\"medium\":{\"height\":300,\"width\":200,\"url\":\"https:\/\/hochrheinjournal-wt.de\/wp-content\/uploads\/2025\/03\/Vom-Korn-zum-Brot-15-200x300.jpg\",\"orientation\":\"portrait\"},\"large\":{\"height\":1024,\"width\":682,\"url\":\"https:\/\/hochrheinjournal-wt.de\/wp-content\/uploads\/2025\/03\/Vom-Korn-zum-Brot-15-682x1024.jpg\",\"orientation\":\"portrait\"},\"full\":{\"url\":\"https:\/\/hochrheinjournal-wt.de\/wp-content\/uploads\/2025\/03\/Vom-Korn-zum-Brot-15.jpg\",\"height\":2000,\"width\":1333,\"orientation\":\"portrait\"}},\"imageMeta\":{\"aperture\":\"7.1\",\"credit\":\"\",\"camera\":\"ILCE-9M2\",\"caption\":\"\",\"created_timestamp\":\"1742634852\",\"copyright\":\"\",\"focal_length\":\"40\",\"iso\":\"160\",\"shutter_speed\":\"0.005\",\"title\":\"\",\"orientation\":\"0\",\"keywords\":[]},\"meta\":false,\"postlink\":\"https:\/\/hochrheinjournal-wt.de\/?attachment_id=31170\"},{\"id\":31171,\"title\":\"Vom Korn zum Brot-16\",\"url\":\"https:\/\/hochrheinjournal-wt.de\/wp-content\/uploads\/2025\/03\/Vom-Korn-zum-Brot-16.jpg\",\"link\":\"https:\/\/hochrheinjournal-wt.de\/?attachment_id=31171\",\"alt\":\"\",\"description\":\"\",\"caption\":\"\",\"mime\":\"image\/jpeg\",\"type\":\"image\",\"width\":1333,\"height\":2000,\"sizes\":{\"thumbnail\":{\"height\":150,\"width\":150,\"url\":\"https:\/\/hochrheinjournal-wt.de\/wp-content\/uploads\/2025\/03\/Vom-Korn-zum-Brot-16-150x150.jpg\",\"orientation\":\"landscape\"},\"medium\":{\"height\":300,\"width\":200,\"url\":\"https:\/\/hochrheinjournal-wt.de\/wp-content\/uploads\/2025\/03\/Vom-Korn-zum-Brot-16-200x300.jpg\",\"orientation\":\"portrait\"},\"large\":{\"height\":1024,\"width\":682,\"url\":\"https:\/\/hochrheinjournal-wt.de\/wp-content\/uploads\/2025\/03\/Vom-Korn-zum-Brot-16-682x1024.jpg\",\"orientation\":\"portrait\"},\"full\":{\"url\":\"https:\/\/hochrheinjournal-wt.de\/wp-content\/uploads\/2025\/03\/Vom-Korn-zum-Brot-16.jpg\",\"height\":2000,\"width\":1333,\"orientation\":\"portrait\"}},\"imageMeta\":{\"aperture\":\"7.1\",\"credit\":\"\",\"camera\":\"ILCE-9M2\",\"caption\":\"\",\"created_timestamp\":\"1742634869\",\"copyright\":\"\",\"focal_length\":\"61\",\"iso\":\"160\",\"shutter_speed\":\"0.005\",\"title\":\"\",\"orientation\":\"0\",\"keywords\":[]},\"meta\":false,\"postlink\":\"https:\/\/hochrheinjournal-wt.de\/?attachment_id=31171\"},{\"id\":31172,\"title\":\"Vom Korn zum Brot-17\",\"url\":\"https:\/\/hochrheinjournal-wt.de\/wp-content\/uploads\/2025\/03\/Vom-Korn-zum-Brot-17.jpg\",\"link\":\"https:\/\/hochrheinjournal-wt.de\/?attachment_id=31172\",\"alt\":\"\",\"description\":\"\",\"caption\":\"\",\"mime\":\"image\/jpeg\",\"type\":\"image\",\"width\":1333,\"height\":2000,\"sizes\":{\"thumbnail\":{\"height\":150,\"width\":150,\"url\":\"https:\/\/hochrheinjournal-wt.de\/wp-content\/uploads\/2025\/03\/Vom-Korn-zum-Brot-17-150x150.jpg\",\"orientation\":\"landscape\"},\"medium\":{\"height\":300,\"width\":200,\"url\":\"https:\/\/hochrheinjournal-wt.de\/wp-content\/uploads\/2025\/03\/Vom-Korn-zum-Brot-17-200x300.jpg\",\"orientation\":\"portrait\"},\"large\":{\"height\":1024,\"width\":682,\"url\":\"https:\/\/hochrheinjournal-wt.de\/wp-content\/uploads\/2025\/03\/Vom-Korn-zum-Brot-17-682x1024.jpg\",\"orientation\":\"portrait\"},\"full\":{\"url\":\"https:\/\/hochrheinjournal-wt.de\/wp-content\/uploads\/2025\/03\/Vom-Korn-zum-Brot-17.jpg\",\"height\":2000,\"width\":1333,\"orientation\":\"portrait\"}},\"imageMeta\":{\"aperture\":\"7.1\",\"credit\":\"\",\"camera\":\"ILCE-9M2\",\"caption\":\"\",\"created_timestamp\":\"1742634922\",\"copyright\":\"\",\"focal_length\":\"69\",\"iso\":\"160\",\"shutter_speed\":\"0.005\",\"title\":\"\",\"orientation\":\"0\",\"keywords\":[]},\"meta\":false,\"postlink\":\"https:\/\/hochrheinjournal-wt.de\/?attachment_id=31172\"},{\"id\":31173,\"title\":\"Vom Korn zum Brot-18\",\"url\":\"https:\/\/hochrheinjournal-wt.de\/wp-content\/uploads\/2025\/03\/Vom-Korn-zum-Brot-18.jpg\",\"link\":\"https:\/\/hochrheinjournal-wt.de\/?attachment_id=31173\",\"alt\":\"\",\"description\":\"\",\"caption\":\"\",\"mime\":\"image\/jpeg\",\"type\":\"image\",\"width\":2000,\"height\":1333,\"sizes\":{\"thumbnail\":{\"height\":150,\"width\":150,\"url\":\"https:\/\/hochrheinjournal-wt.de\/wp-content\/uploads\/2025\/03\/Vom-Korn-zum-Brot-18-150x150.jpg\",\"orientation\":\"landscape\"},\"medium\":{\"height\":200,\"width\":300,\"url\":\"https:\/\/hochrheinjournal-wt.de\/wp-content\/uploads\/2025\/03\/Vom-Korn-zum-Brot-18-300x200.jpg\",\"orientation\":\"landscape\"},\"large\":{\"height\":682,\"width\":1024,\"url\":\"https:\/\/hochrheinjournal-wt.de\/wp-content\/uploads\/2025\/03\/Vom-Korn-zum-Brot-18-1024x682.jpg\",\"orientation\":\"landscape\"},\"full\":{\"url\":\"https:\/\/hochrheinjournal-wt.de\/wp-content\/uploads\/2025\/03\/Vom-Korn-zum-Brot-18.jpg\",\"height\":1333,\"width\":2000,\"orientation\":\"landscape\"}},\"imageMeta\":{\"aperture\":\"7.1\",\"credit\":\"\",\"camera\":\"ILCE-9M2\",\"caption\":\"\",\"created_timestamp\":\"1742634996\",\"copyright\":\"\",\"focal_length\":\"45\",\"iso\":\"160\",\"shutter_speed\":\"0.005\",\"title\":\"\",\"orientation\":\"0\",\"keywords\":[]},\"meta\":false,\"postlink\":\"https:\/\/hochrheinjournal-wt.de\/?attachment_id=31173\"},{\"id\":31174,\"title\":\"Vom Korn zum Brot-19\",\"url\":\"https:\/\/hochrheinjournal-wt.de\/wp-content\/uploads\/2025\/03\/Vom-Korn-zum-Brot-19.jpg\",\"link\":\"https:\/\/hochrheinjournal-wt.de\/?attachment_id=31174\",\"alt\":\"\",\"description\":\"\",\"caption\":\"\",\"mime\":\"image\/jpeg\",\"type\":\"image\",\"width\":2000,\"height\":1333,\"sizes\":{\"thumbnail\":{\"height\":150,\"width\":150,\"url\":\"https:\/\/hochrheinjournal-wt.de\/wp-content\/uploads\/2025\/03\/Vom-Korn-zum-Brot-19-150x150.jpg\",\"orientation\":\"landscape\"},\"medium\":{\"height\":200,\"width\":300,\"url\":\"https:\/\/hochrheinjournal-wt.de\/wp-content\/uploads\/2025\/03\/Vom-Korn-zum-Brot-19-300x200.jpg\",\"orientation\":\"landscape\"},\"large\":{\"height\":682,\"width\":1024,\"url\":\"https:\/\/hochrheinjournal-wt.de\/wp-content\/uploads\/2025\/03\/Vom-Korn-zum-Brot-19-1024x682.jpg\",\"orientation\":\"landscape\"},\"full\":{\"url\":\"https:\/\/hochrheinjournal-wt.de\/wp-content\/uploads\/2025\/03\/Vom-Korn-zum-Brot-19.jpg\",\"height\":1333,\"width\":2000,\"orientation\":\"landscape\"}},\"imageMeta\":{\"aperture\":\"7.1\",\"credit\":\"\",\"camera\":\"ILCE-9M2\",\"caption\":\"\",\"created_timestamp\":\"1742635156\",\"copyright\":\"\",\"focal_length\":\"66\",\"iso\":\"160\",\"shutter_speed\":\"0.005\",\"title\":\"\",\"orientation\":\"0\",\"keywords\":[]},\"meta\":false,\"postlink\":\"https:\/\/hochrheinjournal-wt.de\/?attachment_id=31174\"},{\"id\":31175,\"title\":\"Vom Korn zum Brot-20\",\"url\":\"https:\/\/hochrheinjournal-wt.de\/wp-content\/uploads\/2025\/03\/Vom-Korn-zum-Brot-20.jpg\",\"link\":\"https:\/\/hochrheinjournal-wt.de\/?attachment_id=31175\",\"alt\":\"\",\"description\":\"\",\"caption\":\"\",\"mime\":\"image\/jpeg\",\"type\":\"image\",\"width\":2000,\"height\":1333,\"sizes\":{\"thumbnail\":{\"height\":150,\"width\":150,\"url\":\"https:\/\/hochrheinjournal-wt.de\/wp-content\/uploads\/2025\/03\/Vom-Korn-zum-Brot-20-150x150.jpg\",\"orientation\":\"landscape\"},\"medium\":{\"height\":200,\"width\":300,\"url\":\"https:\/\/hochrheinjournal-wt.de\/wp-content\/uploads\/2025\/03\/Vom-Korn-zum-Brot-20-300x200.jpg\",\"orientation\":\"landscape\"},\"large\":{\"height\":682,\"width\":1024,\"url\":\"https:\/\/hochrheinjournal-wt.de\/wp-content\/uploads\/2025\/03\/Vom-Korn-zum-Brot-20-1024x682.jpg\",\"orientation\":\"landscape\"},\"full\":{\"url\":\"https:\/\/hochrheinjournal-wt.de\/wp-content\/uploads\/2025\/03\/Vom-Korn-zum-Brot-20.jpg\",\"height\":1333,\"width\":2000,\"orientation\":\"landscape\"}},\"imageMeta\":{\"aperture\":\"6.3\",\"credit\":\"\",\"camera\":\"ILCE-9M2\",\"caption\":\"\",\"created_timestamp\":\"1742635369\",\"copyright\":\"\",\"focal_length\":\"46\",\"iso\":\"2000\",\"shutter_speed\":\"0.005\",\"title\":\"\",\"orientation\":\"0\",\"keywords\":[]},\"meta\":false,\"postlink\":\"https:\/\/hochrheinjournal-wt.de\/?attachment_id=31175\"},{\"id\":31182,\"title\":\"Vom Korn zum Brot-27\",\"url\":\"https:\/\/hochrheinjournal-wt.de\/wp-content\/uploads\/2025\/03\/Vom-Korn-zum-Brot-27.jpg\",\"link\":\"https:\/\/hochrheinjournal-wt.de\/?attachment_id=31182\",\"alt\":\"\",\"description\":\"\",\"caption\":\"\",\"mime\":\"image\/jpeg\",\"type\":\"image\",\"width\":2000,\"height\":1333,\"sizes\":{\"thumbnail\":{\"height\":150,\"width\":150,\"url\":\"https:\/\/hochrheinjournal-wt.de\/wp-content\/uploads\/2025\/03\/Vom-Korn-zum-Brot-27-150x150.jpg\",\"orientation\":\"landscape\"},\"medium\":{\"height\":200,\"width\":300,\"url\":\"https:\/\/hochrheinjournal-wt.de\/wp-content\/uploads\/2025\/03\/Vom-Korn-zum-Brot-27-300x200.jpg\",\"orientation\":\"landscape\"},\"large\":{\"height\":682,\"width\":1024,\"url\":\"https:\/\/hochrheinjournal-wt.de\/wp-content\/uploads\/2025\/03\/Vom-Korn-zum-Brot-27-1024x682.jpg\",\"orientation\":\"landscape\"},\"full\":{\"url\":\"https:\/\/hochrheinjournal-wt.de\/wp-content\/uploads\/2025\/03\/Vom-Korn-zum-Brot-27.jpg\",\"height\":1333,\"width\":2000,\"orientation\":\"landscape\"}},\"imageMeta\":{\"aperture\":\"7.1\",\"credit\":\"\",\"camera\":\"ILCE-9M2\",\"caption\":\"\",\"created_timestamp\":\"1742635739\",\"copyright\":\"\",\"focal_length\":\"64\",\"iso\":\"1250\",\"shutter_speed\":\"0.005\",\"title\":\"\",\"orientation\":\"0\",\"keywords\":[]},\"meta\":false,\"postlink\":\"https:\/\/hochrheinjournal-wt.de\/?attachment_id=31182\"},{\"id\":31176,\"title\":\"Vom Korn zum Brot-21\",\"url\":\"https:\/\/hochrheinjournal-wt.de\/wp-content\/uploads\/2025\/03\/Vom-Korn-zum-Brot-21.jpg\",\"link\":\"https:\/\/hochrheinjournal-wt.de\/?attachment_id=31176\",\"alt\":\"\",\"description\":\"\",\"caption\":\"\",\"mime\":\"image\/jpeg\",\"type\":\"image\",\"width\":1333,\"height\":2000,\"sizes\":{\"thumbnail\":{\"height\":150,\"width\":150,\"url\":\"https:\/\/hochrheinjournal-wt.de\/wp-content\/uploads\/2025\/03\/Vom-Korn-zum-Brot-21-150x150.jpg\",\"orientation\":\"landscape\"},\"medium\":{\"height\":300,\"width\":200,\"url\":\"https:\/\/hochrheinjournal-wt.de\/wp-content\/uploads\/2025\/03\/Vom-Korn-zum-Brot-21-200x300.jpg\",\"orientation\":\"portrait\"},\"large\":{\"height\":1024,\"width\":682,\"url\":\"https:\/\/hochrheinjournal-wt.de\/wp-content\/uploads\/2025\/03\/Vom-Korn-zum-Brot-21-682x1024.jpg\",\"orientation\":\"portrait\"},\"full\":{\"url\":\"https:\/\/hochrheinjournal-wt.de\/wp-content\/uploads\/2025\/03\/Vom-Korn-zum-Brot-21.jpg\",\"height\":2000,\"width\":1333,\"orientation\":\"portrait\"}},\"imageMeta\":{\"aperture\":\"9\",\"credit\":\"\",\"camera\":\"ILCE-9M2\",\"caption\":\"\",\"created_timestamp\":\"1742635425\",\"copyright\":\"\",\"focal_length\":\"46\",\"iso\":\"320\",\"shutter_speed\":\"0.005\",\"title\":\"\",\"orientation\":\"0\",\"keywords\":[]},\"meta\":false,\"postlink\":\"https:\/\/hochrheinjournal-wt.de\/?attachment_id=31176\"},{\"id\":31177,\"title\":\"Vom Korn zum Brot-22\",\"url\":\"https:\/\/hochrheinjournal-wt.de\/wp-content\/uploads\/2025\/03\/Vom-Korn-zum-Brot-22.jpg\",\"link\":\"https:\/\/hochrheinjournal-wt.de\/?attachment_id=31177\",\"alt\":\"\",\"description\":\"\",\"caption\":\"\",\"mime\":\"image\/jpeg\",\"type\":\"image\",\"width\":2000,\"height\":1333,\"sizes\":{\"thumbnail\":{\"height\":150,\"width\":150,\"url\":\"https:\/\/hochrheinjournal-wt.de\/wp-content\/uploads\/2025\/03\/Vom-Korn-zum-Brot-22-150x150.jpg\",\"orientation\":\"landscape\"},\"medium\":{\"height\":200,\"width\":300,\"url\":\"https:\/\/hochrheinjournal-wt.de\/wp-content\/uploads\/2025\/03\/Vom-Korn-zum-Brot-22-300x200.jpg\",\"orientation\":\"landscape\"},\"large\":{\"height\":682,\"width\":1024,\"url\":\"https:\/\/hochrheinjournal-wt.de\/wp-content\/uploads\/2025\/03\/Vom-Korn-zum-Brot-22-1024x682.jpg\",\"orientation\":\"landscape\"},\"full\":{\"url\":\"https:\/\/hochrheinjournal-wt.de\/wp-content\/uploads\/2025\/03\/Vom-Korn-zum-Brot-22.jpg\",\"height\":1333,\"width\":2000,\"orientation\":\"landscape\"}},\"imageMeta\":{\"aperture\":\"9\",\"credit\":\"\",\"camera\":\"ILCE-9M2\",\"caption\":\"\",\"created_timestamp\":\"1742635433\",\"copyright\":\"\",\"focal_length\":\"37\",\"iso\":\"320\",\"shutter_speed\":\"0.005\",\"title\":\"\",\"orientation\":\"0\",\"keywords\":[]},\"meta\":false,\"postlink\":\"https:\/\/hochrheinjournal-wt.de\/?attachment_id=31177\"},{\"id\":31178,\"title\":\"Vom Korn zum Brot-23\",\"url\":\"https:\/\/hochrheinjournal-wt.de\/wp-content\/uploads\/2025\/03\/Vom-Korn-zum-Brot-23.jpg\",\"link\":\"https:\/\/hochrheinjournal-wt.de\/?attachment_id=31178\",\"alt\":\"\",\"description\":\"\",\"caption\":\"\",\"mime\":\"image\/jpeg\",\"type\":\"image\",\"width\":2000,\"height\":1333,\"sizes\":{\"thumbnail\":{\"height\":150,\"width\":150,\"url\":\"https:\/\/hochrheinjournal-wt.de\/wp-content\/uploads\/2025\/03\/Vom-Korn-zum-Brot-23-150x150.jpg\",\"orientation\":\"landscape\"},\"medium\":{\"height\":200,\"width\":300,\"url\":\"https:\/\/hochrheinjournal-wt.de\/wp-content\/uploads\/2025\/03\/Vom-Korn-zum-Brot-23-300x200.jpg\",\"orientation\":\"landscape\"},\"large\":{\"height\":682,\"width\":1024,\"url\":\"https:\/\/hochrheinjournal-wt.de\/wp-content\/uploads\/2025\/03\/Vom-Korn-zum-Brot-23-1024x682.jpg\",\"orientation\":\"landscape\"},\"full\":{\"url\":\"https:\/\/hochrheinjournal-wt.de\/wp-content\/uploads\/2025\/03\/Vom-Korn-zum-Brot-23.jpg\",\"height\":1333,\"width\":2000,\"orientation\":\"landscape\"}},\"imageMeta\":{\"aperture\":\"9\",\"credit\":\"\",\"camera\":\"ILCE-9M2\",\"caption\":\"\",\"created_timestamp\":\"1742635463\",\"copyright\":\"\",\"focal_length\":\"24\",\"iso\":\"320\",\"shutter_speed\":\"0.005\",\"title\":\"\",\"orientation\":\"0\",\"keywords\":[]},\"meta\":false,\"postlink\":\"https:\/\/hochrheinjournal-wt.de\/?attachment_id=31178\"},{\"id\":31179,\"title\":\"Vom Korn zum Brot-24\",\"url\":\"https:\/\/hochrheinjournal-wt.de\/wp-content\/uploads\/2025\/03\/Vom-Korn-zum-Brot-24.jpg\",\"link\":\"https:\/\/hochrheinjournal-wt.de\/?attachment_id=31179\",\"alt\":\"\",\"description\":\"\",\"caption\":\"\",\"mime\":\"image\/jpeg\",\"type\":\"image\",\"width\":2000,\"height\":1333,\"sizes\":{\"thumbnail\":{\"height\":150,\"width\":150,\"url\":\"https:\/\/hochrheinjournal-wt.de\/wp-content\/uploads\/2025\/03\/Vom-Korn-zum-Brot-24-150x150.jpg\",\"orientation\":\"landscape\"},\"medium\":{\"height\":200,\"width\":300,\"url\":\"https:\/\/hochrheinjournal-wt.de\/wp-content\/uploads\/2025\/03\/Vom-Korn-zum-Brot-24-300x200.jpg\",\"orientation\":\"landscape\"},\"large\":{\"height\":682,\"width\":1024,\"url\":\"https:\/\/hochrheinjournal-wt.de\/wp-content\/uploads\/2025\/03\/Vom-Korn-zum-Brot-24-1024x682.jpg\",\"orientation\":\"landscape\"},\"full\":{\"url\":\"https:\/\/hochrheinjournal-wt.de\/wp-content\/uploads\/2025\/03\/Vom-Korn-zum-Brot-24.jpg\",\"height\":1333,\"width\":2000,\"orientation\":\"landscape\"}},\"imageMeta\":{\"aperture\":\"6.3\",\"credit\":\"\",\"camera\":\"ILCE-9M2\",\"caption\":\"\",\"created_timestamp\":\"1742635633\",\"copyright\":\"\",\"focal_length\":\"47\",\"iso\":\"3200\",\"shutter_speed\":\"0.005\",\"title\":\"\",\"orientation\":\"0\",\"keywords\":[]},\"meta\":false,\"postlink\":\"https:\/\/hochrheinjournal-wt.de\/?attachment_id=31179\"},{\"id\":31180,\"title\":\"Vom Korn zum Brot-25\",\"url\":\"https:\/\/hochrheinjournal-wt.de\/wp-content\/uploads\/2025\/03\/Vom-Korn-zum-Brot-25.jpg\",\"link\":\"https:\/\/hochrheinjournal-wt.de\/?attachment_id=31180\",\"alt\":\"\",\"description\":\"\",\"caption\":\"\",\"mime\":\"image\/jpeg\",\"type\":\"image\",\"width\":2000,\"height\":1333,\"sizes\":{\"thumbnail\":{\"height\":150,\"width\":150,\"url\":\"https:\/\/hochrheinjournal-wt.de\/wp-content\/uploads\/2025\/03\/Vom-Korn-zum-Brot-25-150x150.jpg\",\"orientation\":\"landscape\"},\"medium\":{\"height\":200,\"width\":300,\"url\":\"https:\/\/hochrheinjournal-wt.de\/wp-content\/uploads\/2025\/03\/Vom-Korn-zum-Brot-25-300x200.jpg\",\"orientation\":\"landscape\"},\"large\":{\"height\":682,\"width\":1024,\"url\":\"https:\/\/hochrheinjournal-wt.de\/wp-content\/uploads\/2025\/03\/Vom-Korn-zum-Brot-25-1024x682.jpg\",\"orientation\":\"landscape\"},\"full\":{\"url\":\"https:\/\/hochrheinjournal-wt.de\/wp-content\/uploads\/2025\/03\/Vom-Korn-zum-Brot-25.jpg\",\"height\":1333,\"width\":2000,\"orientation\":\"landscape\"}},\"imageMeta\":{\"aperture\":\"6.3\",\"credit\":\"\",\"camera\":\"ILCE-9M2\",\"caption\":\"\",\"created_timestamp\":\"1742635645\",\"copyright\":\"\",\"focal_length\":\"64\",\"iso\":\"3200\",\"shutter_speed\":\"0.005\",\"title\":\"\",\"orientation\":\"0\",\"keywords\":[]},\"meta\":false,\"postlink\":\"https:\/\/hochrheinjournal-wt.de\/?attachment_id=31180\"},{\"id\":31181,\"title\":\"Vom Korn zum Brot-26\",\"url\":\"https:\/\/hochrheinjournal-wt.de\/wp-content\/uploads\/2025\/03\/Vom-Korn-zum-Brot-26.jpg\",\"link\":\"https:\/\/hochrheinjournal-wt.de\/?attachment_id=31181\",\"alt\":\"\",\"description\":\"\",\"caption\":\"\",\"mime\":\"image\/jpeg\",\"type\":\"image\",\"width\":2000,\"height\":1333,\"sizes\":{\"thumbnail\":{\"height\":150,\"width\":150,\"url\":\"https:\/\/hochrheinjournal-wt.de\/wp-content\/uploads\/2025\/03\/Vom-Korn-zum-Brot-26-150x150.jpg\",\"orientation\":\"landscape\"},\"medium\":{\"height\":200,\"width\":300,\"url\":\"https:\/\/hochrheinjournal-wt.de\/wp-content\/uploads\/2025\/03\/Vom-Korn-zum-Brot-26-300x200.jpg\",\"orientation\":\"landscape\"},\"large\":{\"height\":682,\"width\":1024,\"url\":\"https:\/\/hochrheinjournal-wt.de\/wp-content\/uploads\/2025\/03\/Vom-Korn-zum-Brot-26-1024x682.jpg\",\"orientation\":\"landscape\"},\"full\":{\"url\":\"https:\/\/hochrheinjournal-wt.de\/wp-content\/uploads\/2025\/03\/Vom-Korn-zum-Brot-26.jpg\",\"height\":1333,\"width\":2000,\"orientation\":\"landscape\"}},\"imageMeta\":{\"aperture\":\"11\",\"credit\":\"\",\"camera\":\"ILCE-9M2\",\"caption\":\"\",\"created_timestamp\":\"1742635704\",\"copyright\":\"\",\"focal_length\":\"70\",\"iso\":\"250\",\"shutter_speed\":\"0.005\",\"title\":\"\",\"orientation\":\"0\",\"keywords\":[]},\"meta\":false,\"postlink\":\"https:\/\/hochrheinjournal-wt.de\/?attachment_id=31181\"},{\"id\":31183,\"title\":\"Vom Korn zum Brot-28\",\"url\":\"https:\/\/hochrheinjournal-wt.de\/wp-content\/uploads\/2025\/03\/Vom-Korn-zum-Brot-28.jpg\",\"link\":\"https:\/\/hochrheinjournal-wt.de\/?attachment_id=31183\",\"alt\":\"\",\"description\":\"\",\"caption\":\"\",\"mime\":\"image\/jpeg\",\"type\":\"image\",\"width\":2000,\"height\":1333,\"sizes\":{\"thumbnail\":{\"height\":150,\"width\":150,\"url\":\"https:\/\/hochrheinjournal-wt.de\/wp-content\/uploads\/2025\/03\/Vom-Korn-zum-Brot-28-150x150.jpg\",\"orientation\":\"landscape\"},\"medium\":{\"height\":200,\"width\":300,\"url\":\"https:\/\/hochrheinjournal-wt.de\/wp-content\/uploads\/2025\/03\/Vom-Korn-zum-Brot-28-300x200.jpg\",\"orientation\":\"landscape\"},\"large\":{\"height\":682,\"width\":1024,\"url\":\"https:\/\/hochrheinjournal-wt.de\/wp-content\/uploads\/2025\/03\/Vom-Korn-zum-Brot-28-1024x682.jpg\",\"orientation\":\"landscape\"},\"full\":{\"url\":\"https:\/\/hochrheinjournal-wt.de\/wp-content\/uploads\/2025\/03\/Vom-Korn-zum-Brot-28.jpg\",\"height\":1333,\"width\":2000,\"orientation\":\"landscape\"}},\"imageMeta\":{\"aperture\":\"13\",\"credit\":\"\",\"camera\":\"ILCE-9M2\",\"caption\":\"\",\"created_timestamp\":\"1742635770\",\"copyright\":\"\",\"focal_length\":\"70\",\"iso\":\"160\",\"shutter_speed\":\"0.005\",\"title\":\"\",\"orientation\":\"0\",\"keywords\":[]},\"meta\":false,\"postlink\":\"https:\/\/hochrheinjournal-wt.de\/?attachment_id=31183\"},{\"id\":31184,\"title\":\"Vom Korn zum Brot-29\",\"url\":\"https:\/\/hochrheinjournal-wt.de\/wp-content\/uploads\/2025\/03\/Vom-Korn-zum-Brot-29.jpg\",\"link\":\"https:\/\/hochrheinjournal-wt.de\/?attachment_id=31184\",\"alt\":\"\",\"description\":\"\",\"caption\":\"\",\"mime\":\"image\/jpeg\",\"type\":\"image\",\"width\":2000,\"height\":1333,\"sizes\":{\"thumbnail\":{\"height\":150,\"width\":150,\"url\":\"https:\/\/hochrheinjournal-wt.de\/wp-content\/uploads\/2025\/03\/Vom-Korn-zum-Brot-29-150x150.jpg\",\"orientation\":\"landscape\"},\"medium\":{\"height\":200,\"width\":300,\"url\":\"https:\/\/hochrheinjournal-wt.de\/wp-content\/uploads\/2025\/03\/Vom-Korn-zum-Brot-29-300x200.jpg\",\"orientation\":\"landscape\"},\"large\":{\"height\":682,\"width\":1024,\"url\":\"https:\/\/hochrheinjournal-wt.de\/wp-content\/uploads\/2025\/03\/Vom-Korn-zum-Brot-29-1024x682.jpg\",\"orientation\":\"landscape\"},\"full\":{\"url\":\"https:\/\/hochrheinjournal-wt.de\/wp-content\/uploads\/2025\/03\/Vom-Korn-zum-Brot-29.jpg\",\"height\":1333,\"width\":2000,\"orientation\":\"landscape\"}},\"imageMeta\":{\"aperture\":\"13\",\"credit\":\"\",\"camera\":\"ILCE-9M2\",\"caption\":\"\",\"created_timestamp\":\"1742635798\",\"copyright\":\"\",\"focal_length\":\"70\",\"iso\":\"160\",\"shutter_speed\":\"0.005\",\"title\":\"\",\"orientation\":\"0\",\"keywords\":[]},\"meta\":false,\"postlink\":\"https:\/\/hochrheinjournal-wt.de\/?attachment_id=31184\"},{\"id\":31185,\"title\":\"Vom Korn zum Brot-30\",\"url\":\"https:\/\/hochrheinjournal-wt.de\/wp-content\/uploads\/2025\/03\/Vom-Korn-zum-Brot-30.jpg\",\"link\":\"https:\/\/hochrheinjournal-wt.de\/?attachment_id=31185\",\"alt\":\"\",\"description\":\"\",\"caption\":\"\",\"mime\":\"image\/jpeg\",\"type\":\"image\",\"width\":2000,\"height\":1333,\"sizes\":{\"thumbnail\":{\"height\":150,\"width\":150,\"url\":\"https:\/\/hochrheinjournal-wt.de\/wp-content\/uploads\/2025\/03\/Vom-Korn-zum-Brot-30-150x150.jpg\",\"orientation\":\"landscape\"},\"medium\":{\"height\":200,\"width\":300,\"url\":\"https:\/\/hochrheinjournal-wt.de\/wp-content\/uploads\/2025\/03\/Vom-Korn-zum-Brot-30-300x200.jpg\",\"orientation\":\"landscape\"},\"large\":{\"height\":682,\"width\":1024,\"url\":\"https:\/\/hochrheinjournal-wt.de\/wp-content\/uploads\/2025\/03\/Vom-Korn-zum-Brot-30-1024x682.jpg\",\"orientation\":\"landscape\"},\"full\":{\"url\":\"https:\/\/hochrheinjournal-wt.de\/wp-content\/uploads\/2025\/03\/Vom-Korn-zum-Brot-30.jpg\",\"height\":1333,\"width\":2000,\"orientation\":\"landscape\"}},\"imageMeta\":{\"aperture\":\"13\",\"credit\":\"\",\"camera\":\"ILCE-9M2\",\"caption\":\"\",\"created_timestamp\":\"1742635938\",\"copyright\":\"\",\"focal_length\":\"38\",\"iso\":\"160\",\"shutter_speed\":\"0.005\",\"title\":\"\",\"orientation\":\"0\",\"keywords\":[]},\"meta\":false,\"postlink\":\"https:\/\/hochrheinjournal-wt.de\/?attachment_id=31185\"},{\"id\":31186,\"title\":\"Vom Korn zum Brot-31\",\"url\":\"https:\/\/hochrheinjournal-wt.de\/wp-content\/uploads\/2025\/03\/Vom-Korn-zum-Brot-31.jpg\",\"link\":\"https:\/\/hochrheinjournal-wt.de\/?attachment_id=31186\",\"alt\":\"\",\"description\":\"\",\"caption\":\"\",\"mime\":\"image\/jpeg\",\"type\":\"image\",\"width\":2000,\"height\":1333,\"sizes\":{\"thumbnail\":{\"height\":150,\"width\":150,\"url\":\"https:\/\/hochrheinjournal-wt.de\/wp-content\/uploads\/2025\/03\/Vom-Korn-zum-Brot-31-150x150.jpg\",\"orientation\":\"landscape\"},\"medium\":{\"height\":200,\"width\":300,\"url\":\"https:\/\/hochrheinjournal-wt.de\/wp-content\/uploads\/2025\/03\/Vom-Korn-zum-Brot-31-300x200.jpg\",\"orientation\":\"landscape\"},\"large\":{\"height\":682,\"width\":1024,\"url\":\"https:\/\/hochrheinjournal-wt.de\/wp-content\/uploads\/2025\/03\/Vom-Korn-zum-Brot-31-1024x682.jpg\",\"orientation\":\"landscape\"},\"full\":{\"url\":\"https:\/\/hochrheinjournal-wt.de\/wp-content\/uploads\/2025\/03\/Vom-Korn-zum-Brot-31.jpg\",\"height\":1333,\"width\":2000,\"orientation\":\"landscape\"}},\"imageMeta\":{\"aperture\":\"11\",\"credit\":\"\",\"camera\":\"ILCE-9M2\",\"caption\":\"\",\"created_timestamp\":\"1742636525\",\"copyright\":\"\",\"focal_length\":\"42\",\"iso\":\"160\",\"shutter_speed\":\"0.005\",\"title\":\"\",\"orientation\":\"0\",\"keywords\":[]},\"meta\":false,\"postlink\":\"https:\/\/hochrheinjournal-wt.de\/?attachment_id=31186\"},{\"id\":31187,\"title\":\"Vom Korn zum Brot-32\",\"url\":\"https:\/\/hochrheinjournal-wt.de\/wp-content\/uploads\/2025\/03\/Vom-Korn-zum-Brot-32.jpg\",\"link\":\"https:\/\/hochrheinjournal-wt.de\/?attachment_id=31187\",\"alt\":\"\",\"description\":\"\",\"caption\":\"\",\"mime\":\"image\/jpeg\",\"type\":\"image\",\"width\":2000,\"height\":1333,\"sizes\":{\"thumbnail\":{\"height\":150,\"width\":150,\"url\":\"https:\/\/hochrheinjournal-wt.de\/wp-content\/uploads\/2025\/03\/Vom-Korn-zum-Brot-32-150x150.jpg\",\"orientation\":\"landscape\"},\"medium\":{\"height\":200,\"width\":300,\"url\":\"https:\/\/hochrheinjournal-wt.de\/wp-content\/uploads\/2025\/03\/Vom-Korn-zum-Brot-32-300x200.jpg\",\"orientation\":\"landscape\"},\"large\":{\"height\":682,\"width\":1024,\"url\":\"https:\/\/hochrheinjournal-wt.de\/wp-content\/uploads\/2025\/03\/Vom-Korn-zum-Brot-32-1024x682.jpg\",\"orientation\":\"landscape\"},\"full\":{\"url\":\"https:\/\/hochrheinjournal-wt.de\/wp-content\/uploads\/2025\/03\/Vom-Korn-zum-Brot-32.jpg\",\"height\":1333,\"width\":2000,\"orientation\":\"landscape\"}},\"imageMeta\":{\"aperture\":\"13\",\"credit\":\"\",\"camera\":\"ILCE-9M2\",\"caption\":\"\",\"created_timestamp\":\"1742636541\",\"copyright\":\"\",\"focal_length\":\"42\",\"iso\":\"160\",\"shutter_speed\":\"0.005\",\"title\":\"\",\"orientation\":\"0\",\"keywords\":[]},\"meta\":false,\"postlink\":\"https:\/\/hochrheinjournal-wt.de\/?attachment_id=31187\"},{\"id\":31188,\"title\":\"Vom Korn zum Brot-33\",\"url\":\"https:\/\/hochrheinjournal-wt.de\/wp-content\/uploads\/2025\/03\/Vom-Korn-zum-Brot-33.jpg\",\"link\":\"https:\/\/hochrheinjournal-wt.de\/?attachment_id=31188\",\"alt\":\"\",\"description\":\"\",\"caption\":\"\",\"mime\":\"image\/jpeg\",\"type\":\"image\",\"width\":2000,\"height\":1333,\"sizes\":{\"thumbnail\":{\"height\":150,\"width\":150,\"url\":\"https:\/\/hochrheinjournal-wt.de\/wp-content\/uploads\/2025\/03\/Vom-Korn-zum-Brot-33-150x150.jpg\",\"orientation\":\"landscape\"},\"medium\":{\"height\":200,\"width\":300,\"url\":\"https:\/\/hochrheinjournal-wt.de\/wp-content\/uploads\/2025\/03\/Vom-Korn-zum-Brot-33-300x200.jpg\",\"orientation\":\"landscape\"},\"large\":{\"height\":682,\"width\":1024,\"url\":\"https:\/\/hochrheinjournal-wt.de\/wp-content\/uploads\/2025\/03\/Vom-Korn-zum-Brot-33-1024x682.jpg\",\"orientation\":\"landscape\"},\"full\":{\"url\":\"https:\/\/hochrheinjournal-wt.de\/wp-content\/uploads\/2025\/03\/Vom-Korn-zum-Brot-33.jpg\",\"height\":1333,\"width\":2000,\"orientation\":\"landscape\"}},\"imageMeta\":{\"aperture\":\"13\",\"credit\":\"\",\"camera\":\"ILCE-9M2\",\"caption\":\"\",\"created_timestamp\":\"1742636544\",\"copyright\":\"\",\"focal_length\":\"42\",\"iso\":\"160\",\"shutter_speed\":\"0.005\",\"title\":\"\",\"orientation\":\"0\",\"keywords\":[]},\"meta\":false,\"postlink\":\"https:\/\/hochrheinjournal-wt.de\/?attachment_id=31188\"},{\"id\":31189,\"title\":\"Vom Korn zum Brot-34\",\"url\":\"https:\/\/hochrheinjournal-wt.de\/wp-content\/uploads\/2025\/03\/Vom-Korn-zum-Brot-34.jpg\",\"link\":\"https:\/\/hochrheinjournal-wt.de\/?attachment_id=31189\",\"alt\":\"\",\"description\":\"\",\"caption\":\"\",\"mime\":\"image\/jpeg\",\"type\":\"image\",\"width\":2000,\"height\":1333,\"sizes\":{\"thumbnail\":{\"height\":150,\"width\":150,\"url\":\"https:\/\/hochrheinjournal-wt.de\/wp-content\/uploads\/2025\/03\/Vom-Korn-zum-Brot-34-150x150.jpg\",\"orientation\":\"landscape\"},\"medium\":{\"height\":200,\"width\":300,\"url\":\"https:\/\/hochrheinjournal-wt.de\/wp-content\/uploads\/2025\/03\/Vom-Korn-zum-Brot-34-300x200.jpg\",\"orientation\":\"landscape\"},\"large\":{\"height\":682,\"width\":1024,\"url\":\"https:\/\/hochrheinjournal-wt.de\/wp-content\/uploads\/2025\/03\/Vom-Korn-zum-Brot-34-1024x682.jpg\",\"orientation\":\"landscape\"},\"full\":{\"url\":\"https:\/\/hochrheinjournal-wt.de\/wp-content\/uploads\/2025\/03\/Vom-Korn-zum-Brot-34.jpg\",\"height\":1333,\"width\":2000,\"orientation\":\"landscape\"}},\"imageMeta\":{\"aperture\":\"4.5\",\"credit\":\"\",\"camera\":\"ILCE-9M2\",\"caption\":\"\",\"created_timestamp\":\"1742636792\",\"copyright\":\"\",\"focal_length\":\"43\",\"iso\":\"1250\",\"shutter_speed\":\"0.008\",\"title\":\"\",\"orientation\":\"0\",\"keywords\":[]},\"meta\":false,\"postlink\":\"https:\/\/hochrheinjournal-wt.de\/?attachment_id=31189\"},{\"id\":31190,\"title\":\"Vom Korn zum Brot-35\",\"url\":\"https:\/\/hochrheinjournal-wt.de\/wp-content\/uploads\/2025\/03\/Vom-Korn-zum-Brot-35.jpg\",\"link\":\"https:\/\/hochrheinjournal-wt.de\/?attachment_id=31190\",\"alt\":\"\",\"description\":\"\",\"caption\":\"\",\"mime\":\"image\/jpeg\",\"type\":\"image\",\"width\":2000,\"height\":1333,\"sizes\":{\"thumbnail\":{\"height\":150,\"width\":150,\"url\":\"https:\/\/hochrheinjournal-wt.de\/wp-content\/uploads\/2025\/03\/Vom-Korn-zum-Brot-35-150x150.jpg\",\"orientation\":\"landscape\"},\"medium\":{\"height\":200,\"width\":300,\"url\":\"https:\/\/hochrheinjournal-wt.de\/wp-content\/uploads\/2025\/03\/Vom-Korn-zum-Brot-35-300x200.jpg\",\"orientation\":\"landscape\"},\"large\":{\"height\":682,\"width\":1024,\"url\":\"https:\/\/hochrheinjournal-wt.de\/wp-content\/uploads\/2025\/03\/Vom-Korn-zum-Brot-35-1024x682.jpg\",\"orientation\":\"landscape\"},\"full\":{\"url\":\"https:\/\/hochrheinjournal-wt.de\/wp-content\/uploads\/2025\/03\/Vom-Korn-zum-Brot-35.jpg\",\"height\":1333,\"width\":2000,\"orientation\":\"landscape\"}},\"imageMeta\":{\"aperture\":\"11\",\"credit\":\"\",\"camera\":\"ILCE-9M2\",\"caption\":\"\",\"created_timestamp\":\"1742636857\",\"copyright\":\"\",\"focal_length\":\"43\",\"iso\":\"250\",\"shutter_speed\":\"0.008\",\"title\":\"\",\"orientation\":\"0\",\"keywords\":[]},\"meta\":false,\"postlink\":\"https:\/\/hochrheinjournal-wt.de\/?attachment_id=31190\"},{\"id\":31191,\"title\":\"Vom Korn zum Brot-36\",\"url\":\"https:\/\/hochrheinjournal-wt.de\/wp-content\/uploads\/2025\/03\/Vom-Korn-zum-Brot-36.jpg\",\"link\":\"https:\/\/hochrheinjournal-wt.de\/?attachment_id=31191\",\"alt\":\"\",\"description\":\"\",\"caption\":\"\",\"mime\":\"image\/jpeg\",\"type\":\"image\",\"width\":2000,\"height\":1333,\"sizes\":{\"thumbnail\":{\"height\":150,\"width\":150,\"url\":\"https:\/\/hochrheinjournal-wt.de\/wp-content\/uploads\/2025\/03\/Vom-Korn-zum-Brot-36-150x150.jpg\",\"orientation\":\"landscape\"},\"medium\":{\"height\":200,\"width\":300,\"url\":\"https:\/\/hochrheinjournal-wt.de\/wp-content\/uploads\/2025\/03\/Vom-Korn-zum-Brot-36-300x200.jpg\",\"orientation\":\"landscape\"},\"large\":{\"height\":682,\"width\":1024,\"url\":\"https:\/\/hochrheinjournal-wt.de\/wp-content\/uploads\/2025\/03\/Vom-Korn-zum-Brot-36-1024x682.jpg\",\"orientation\":\"landscape\"},\"full\":{\"url\":\"https:\/\/hochrheinjournal-wt.de\/wp-content\/uploads\/2025\/03\/Vom-Korn-zum-Brot-36.jpg\",\"height\":1333,\"width\":2000,\"orientation\":\"landscape\"}},\"imageMeta\":{\"aperture\":\"7.1\",\"credit\":\"\",\"camera\":\"ILCE-9M2\",\"caption\":\"\",\"created_timestamp\":\"1742637020\",\"copyright\":\"\",\"focal_length\":\"41\",\"iso\":\"2500\",\"shutter_speed\":\"0.00625\",\"title\":\"\",\"orientation\":\"0\",\"keywords\":[]},\"meta\":false,\"postlink\":\"https:\/\/hochrheinjournal-wt.de\/?attachment_id=31191\"},{\"id\":31192,\"title\":\"Vom Korn zum Brot-37\",\"url\":\"https:\/\/hochrheinjournal-wt.de\/wp-content\/uploads\/2025\/03\/Vom-Korn-zum-Brot-37.jpg\",\"link\":\"https:\/\/hochrheinjournal-wt.de\/?attachment_id=31192\",\"alt\":\"\",\"description\":\"\",\"caption\":\"\",\"mime\":\"image\/jpeg\",\"type\":\"image\",\"width\":2000,\"height\":1333,\"sizes\":{\"thumbnail\":{\"height\":150,\"width\":150,\"url\":\"https:\/\/hochrheinjournal-wt.de\/wp-content\/uploads\/2025\/03\/Vom-Korn-zum-Brot-37-150x150.jpg\",\"orientation\":\"landscape\"},\"medium\":{\"height\":200,\"width\":300,\"url\":\"https:\/\/hochrheinjournal-wt.de\/wp-content\/uploads\/2025\/03\/Vom-Korn-zum-Brot-37-300x200.jpg\",\"orientation\":\"landscape\"},\"large\":{\"height\":682,\"width\":1024,\"url\":\"https:\/\/hochrheinjournal-wt.de\/wp-content\/uploads\/2025\/03\/Vom-Korn-zum-Brot-37-1024x682.jpg\",\"orientation\":\"landscape\"},\"full\":{\"url\":\"https:\/\/hochrheinjournal-wt.de\/wp-content\/uploads\/2025\/03\/Vom-Korn-zum-Brot-37.jpg\",\"height\":1333,\"width\":2000,\"orientation\":\"landscape\"}},\"imageMeta\":{\"aperture\":\"7.1\",\"credit\":\"\",\"camera\":\"ILCE-9M2\",\"caption\":\"\",\"created_timestamp\":\"1742637063\",\"copyright\":\"\",\"focal_length\":\"41\",\"iso\":\"2500\",\"shutter_speed\":\"0.00625\",\"title\":\"\",\"orientation\":\"0\",\"keywords\":[]},\"meta\":false,\"postlink\":\"https:\/\/hochrheinjournal-wt.de\/?attachment_id=31192\"},{\"id\":31193,\"title\":\"Vom Korn zum Brot-38\",\"url\":\"https:\/\/hochrheinjournal-wt.de\/wp-content\/uploads\/2025\/03\/Vom-Korn-zum-Brot-38.jpg\",\"link\":\"https:\/\/hochrheinjournal-wt.de\/?attachment_id=31193\",\"alt\":\"\",\"description\":\"\",\"caption\":\"\",\"mime\":\"image\/jpeg\",\"type\":\"image\",\"width\":2000,\"height\":1333,\"sizes\":{\"thumbnail\":{\"height\":150,\"width\":150,\"url\":\"https:\/\/hochrheinjournal-wt.de\/wp-content\/uploads\/2025\/03\/Vom-Korn-zum-Brot-38-150x150.jpg\",\"orientation\":\"landscape\"},\"medium\":{\"height\":200,\"width\":300,\"url\":\"https:\/\/hochrheinjournal-wt.de\/wp-content\/uploads\/2025\/03\/Vom-Korn-zum-Brot-38-300x200.jpg\",\"orientation\":\"landscape\"},\"large\":{\"height\":682,\"width\":1024,\"url\":\"https:\/\/hochrheinjournal-wt.de\/wp-content\/uploads\/2025\/03\/Vom-Korn-zum-Brot-38-1024x682.jpg\",\"orientation\":\"landscape\"},\"full\":{\"url\":\"https:\/\/hochrheinjournal-wt.de\/wp-content\/uploads\/2025\/03\/Vom-Korn-zum-Brot-38.jpg\",\"height\":1333,\"width\":2000,\"orientation\":\"landscape\"}},\"imageMeta\":{\"aperture\":\"7.1\",\"credit\":\"\",\"camera\":\"ILCE-9M2\",\"caption\":\"\",\"created_timestamp\":\"1742637083\",\"copyright\":\"\",\"focal_length\":\"41\",\"iso\":\"2500\",\"shutter_speed\":\"0.00625\",\"title\":\"\",\"orientation\":\"0\",\"keywords\":[]},\"meta\":false,\"postlink\":\"https:\/\/hochrheinjournal-wt.de\/?attachment_id=31193\"},{\"id\":31194,\"title\":\"Vom Korn zum Brot-39\",\"url\":\"https:\/\/hochrheinjournal-wt.de\/wp-content\/uploads\/2025\/03\/Vom-Korn-zum-Brot-39.jpg\",\"link\":\"https:\/\/hochrheinjournal-wt.de\/?attachment_id=31194\",\"alt\":\"\",\"description\":\"\",\"caption\":\"\",\"mime\":\"image\/jpeg\",\"type\":\"image\",\"width\":2000,\"height\":1333,\"sizes\":{\"thumbnail\":{\"height\":150,\"width\":150,\"url\":\"https:\/\/hochrheinjournal-wt.de\/wp-content\/uploads\/2025\/03\/Vom-Korn-zum-Brot-39-150x150.jpg\",\"orientation\":\"landscape\"},\"medium\":{\"height\":200,\"width\":300,\"url\":\"https:\/\/hochrheinjournal-wt.de\/wp-content\/uploads\/2025\/03\/Vom-Korn-zum-Brot-39-300x200.jpg\",\"orientation\":\"landscape\"},\"large\":{\"height\":682,\"width\":1024,\"url\":\"https:\/\/hochrheinjournal-wt.de\/wp-content\/uploads\/2025\/03\/Vom-Korn-zum-Brot-39-1024x682.jpg\",\"orientation\":\"landscape\"},\"full\":{\"url\":\"https:\/\/hochrheinjournal-wt.de\/wp-content\/uploads\/2025\/03\/Vom-Korn-zum-Brot-39.jpg\",\"height\":1333,\"width\":2000,\"orientation\":\"landscape\"}},\"imageMeta\":{\"aperture\":\"7.1\",\"credit\":\"\",\"camera\":\"ILCE-9M2\",\"caption\":\"\",\"created_timestamp\":\"1742637242\",\"copyright\":\"\",\"focal_length\":\"29\",\"iso\":\"2500\",\"shutter_speed\":\"0.00625\",\"title\":\"\",\"orientation\":\"0\",\"keywords\":[]},\"meta\":false,\"postlink\":\"https:\/\/hochrheinjournal-wt.de\/?attachment_id=31194\"},{\"id\":31195,\"title\":\"Vom Korn zum Brot-40\",\"url\":\"https:\/\/hochrheinjournal-wt.de\/wp-content\/uploads\/2025\/03\/Vom-Korn-zum-Brot-40.jpg\",\"link\":\"https:\/\/hochrheinjournal-wt.de\/?attachment_id=31195\",\"alt\":\"\",\"description\":\"\",\"caption\":\"\",\"mime\":\"image\/jpeg\",\"type\":\"image\",\"width\":2000,\"height\":1333,\"sizes\":{\"thumbnail\":{\"height\":150,\"width\":150,\"url\":\"https:\/\/hochrheinjournal-wt.de\/wp-content\/uploads\/2025\/03\/Vom-Korn-zum-Brot-40-150x150.jpg\",\"orientation\":\"landscape\"},\"medium\":{\"height\":200,\"width\":300,\"url\":\"https:\/\/hochrheinjournal-wt.de\/wp-content\/uploads\/2025\/03\/Vom-Korn-zum-Brot-40-300x200.jpg\",\"orientation\":\"landscape\"},\"large\":{\"height\":682,\"width\":1024,\"url\":\"https:\/\/hochrheinjournal-wt.de\/wp-content\/uploads\/2025\/03\/Vom-Korn-zum-Brot-40-1024x682.jpg\",\"orientation\":\"landscape\"},\"full\":{\"url\":\"https:\/\/hochrheinjournal-wt.de\/wp-content\/uploads\/2025\/03\/Vom-Korn-zum-Brot-40.jpg\",\"height\":1333,\"width\":2000,\"orientation\":\"landscape\"}},\"imageMeta\":{\"aperture\":\"8\",\"credit\":\"\",\"camera\":\"ILCE-9M2\",\"caption\":\"\",\"created_timestamp\":\"1742637365\",\"copyright\":\"\",\"focal_length\":\"30\",\"iso\":\"2500\",\"shutter_speed\":\"0.00625\",\"title\":\"\",\"orientation\":\"0\",\"keywords\":[]},\"meta\":false,\"postlink\":\"https:\/\/hochrheinjournal-wt.de\/?attachment_id=31195\"},{\"id\":31196,\"title\":\"Vom Korn zum Brot-41\",\"url\":\"https:\/\/hochrheinjournal-wt.de\/wp-content\/uploads\/2025\/03\/Vom-Korn-zum-Brot-41.jpg\",\"link\":\"https:\/\/hochrheinjournal-wt.de\/?attachment_id=31196\",\"alt\":\"\",\"description\":\"\",\"caption\":\"\",\"mime\":\"image\/jpeg\",\"type\":\"image\",\"width\":2000,\"height\":1333,\"sizes\":{\"thumbnail\":{\"height\":150,\"width\":150,\"url\":\"https:\/\/hochrheinjournal-wt.de\/wp-content\/uploads\/2025\/03\/Vom-Korn-zum-Brot-41-150x150.jpg\",\"orientation\":\"landscape\"},\"medium\":{\"height\":200,\"width\":300,\"url\":\"https:\/\/hochrheinjournal-wt.de\/wp-content\/uploads\/2025\/03\/Vom-Korn-zum-Brot-41-300x200.jpg\",\"orientation\":\"landscape\"},\"large\":{\"height\":682,\"width\":1024,\"url\":\"https:\/\/hochrheinjournal-wt.de\/wp-content\/uploads\/2025\/03\/Vom-Korn-zum-Brot-41-1024x682.jpg\",\"orientation\":\"landscape\"},\"full\":{\"url\":\"https:\/\/hochrheinjournal-wt.de\/wp-content\/uploads\/2025\/03\/Vom-Korn-zum-Brot-41.jpg\",\"height\":1333,\"width\":2000,\"orientation\":\"landscape\"}},\"imageMeta\":{\"aperture\":\"8\",\"credit\":\"\",\"camera\":\"ILCE-9M2\",\"caption\":\"\",\"created_timestamp\":\"1742637449\",\"copyright\":\"\",\"focal_length\":\"30\",\"iso\":\"2500\",\"shutter_speed\":\"0.00625\",\"title\":\"\",\"orientation\":\"0\",\"keywords\":[]},\"meta\":false,\"postlink\":\"https:\/\/hochrheinjournal-wt.de\/?attachment_id=31196\"},{\"id\":31197,\"title\":\"Vom Korn zum Brot-42\",\"url\":\"https:\/\/hochrheinjournal-wt.de\/wp-content\/uploads\/2025\/03\/Vom-Korn-zum-Brot-42.jpg\",\"link\":\"https:\/\/hochrheinjournal-wt.de\/?attachment_id=31197\",\"alt\":\"\",\"description\":\"\",\"caption\":\"\",\"mime\":\"image\/jpeg\",\"type\":\"image\",\"width\":2000,\"height\":1333,\"sizes\":{\"thumbnail\":{\"height\":150,\"width\":150,\"url\":\"https:\/\/hochrheinjournal-wt.de\/wp-content\/uploads\/2025\/03\/Vom-Korn-zum-Brot-42-150x150.jpg\",\"orientation\":\"landscape\"},\"medium\":{\"height\":200,\"width\":300,\"url\":\"https:\/\/hochrheinjournal-wt.de\/wp-content\/uploads\/2025\/03\/Vom-Korn-zum-Brot-42-300x200.jpg\",\"orientation\":\"landscape\"},\"large\":{\"height\":682,\"width\":1024,\"url\":\"https:\/\/hochrheinjournal-wt.de\/wp-content\/uploads\/2025\/03\/Vom-Korn-zum-Brot-42-1024x682.jpg\",\"orientation\":\"landscape\"},\"full\":{\"url\":\"https:\/\/hochrheinjournal-wt.de\/wp-content\/uploads\/2025\/03\/Vom-Korn-zum-Brot-42.jpg\",\"height\":1333,\"width\":2000,\"orientation\":\"landscape\"}},\"imageMeta\":{\"aperture\":\"14\",\"credit\":\"\",\"camera\":\"ILCE-9M2\",\"caption\":\"\",\"created_timestamp\":\"1742637943\",\"copyright\":\"\",\"focal_length\":\"35\",\"iso\":\"200\",\"shutter_speed\":\"0.005\",\"title\":\"\",\"orientation\":\"0\",\"keywords\":[]},\"meta\":false,\"postlink\":\"https:\/\/hochrheinjournal-wt.de\/?attachment_id=31197\"},{\"id\":31198,\"title\":\"Vom Korn zum Brot-43\",\"url\":\"https:\/\/hochrheinjournal-wt.de\/wp-content\/uploads\/2025\/03\/Vom-Korn-zum-Brot-43.jpg\",\"link\":\"https:\/\/hochrheinjournal-wt.de\/?attachment_id=31198\",\"alt\":\"\",\"description\":\"\",\"caption\":\"\",\"mime\":\"image\/jpeg\",\"type\":\"image\",\"width\":2000,\"height\":1333,\"sizes\":{\"thumbnail\":{\"height\":150,\"width\":150,\"url\":\"https:\/\/hochrheinjournal-wt.de\/wp-content\/uploads\/2025\/03\/Vom-Korn-zum-Brot-43-150x150.jpg\",\"orientation\":\"landscape\"},\"medium\":{\"height\":200,\"width\":300,\"url\":\"https:\/\/hochrheinjournal-wt.de\/wp-content\/uploads\/2025\/03\/Vom-Korn-zum-Brot-43-300x200.jpg\",\"orientation\":\"landscape\"},\"large\":{\"height\":682,\"width\":1024,\"url\":\"https:\/\/hochrheinjournal-wt.de\/wp-content\/uploads\/2025\/03\/Vom-Korn-zum-Brot-43-1024x682.jpg\",\"orientation\":\"landscape\"},\"full\":{\"url\":\"https:\/\/hochrheinjournal-wt.de\/wp-content\/uploads\/2025\/03\/Vom-Korn-zum-Brot-43.jpg\",\"height\":1333,\"width\":2000,\"orientation\":\"landscape\"}},\"imageMeta\":{\"aperture\":\"14\",\"credit\":\"\",\"camera\":\"ILCE-9M2\",\"caption\":\"\",\"created_timestamp\":\"1742637945\",\"copyright\":\"\",\"focal_length\":\"35\",\"iso\":\"200\",\"shutter_speed\":\"0.005\",\"title\":\"\",\"orientation\":\"0\",\"keywords\":[]},\"meta\":false,\"postlink\":\"https:\/\/hochrheinjournal-wt.de\/?attachment_id=31198\"},{\"id\":31199,\"title\":\"Vom Korn zum Brot-44\",\"url\":\"https:\/\/hochrheinjournal-wt.de\/wp-content\/uploads\/2025\/03\/Vom-Korn-zum-Brot-44.jpg\",\"link\":\"https:\/\/hochrheinjournal-wt.de\/?attachment_id=31199\",\"alt\":\"\",\"description\":\"\",\"caption\":\"\",\"mime\":\"image\/jpeg\",\"type\":\"image\",\"width\":2000,\"height\":1333,\"sizes\":{\"thumbnail\":{\"height\":150,\"width\":150,\"url\":\"https:\/\/hochrheinjournal-wt.de\/wp-content\/uploads\/2025\/03\/Vom-Korn-zum-Brot-44-150x150.jpg\",\"orientation\":\"landscape\"},\"medium\":{\"height\":200,\"width\":300,\"url\":\"https:\/\/hochrheinjournal-wt.de\/wp-content\/uploads\/2025\/03\/Vom-Korn-zum-Brot-44-300x200.jpg\",\"orientation\":\"landscape\"},\"large\":{\"height\":682,\"width\":1024,\"url\":\"https:\/\/hochrheinjournal-wt.de\/wp-content\/uploads\/2025\/03\/Vom-Korn-zum-Brot-44-1024x682.jpg\",\"orientation\":\"landscape\"},\"full\":{\"url\":\"https:\/\/hochrheinjournal-wt.de\/wp-content\/uploads\/2025\/03\/Vom-Korn-zum-Brot-44.jpg\",\"height\":1333,\"width\":2000,\"orientation\":\"landscape\"}},\"imageMeta\":{\"aperture\":\"14\",\"credit\":\"\",\"camera\":\"ILCE-9M2\",\"caption\":\"\",\"created_timestamp\":\"1742637956\",\"copyright\":\"\",\"focal_length\":\"35\",\"iso\":\"200\",\"shutter_speed\":\"0.005\",\"title\":\"\",\"orientation\":\"0\",\"keywords\":[]},\"meta\":false,\"postlink\":\"https:\/\/hochrheinjournal-wt.de\/?attachment_id=31199\"},{\"id\":31200,\"title\":\"Vom Korn zum Brot-45\",\"url\":\"https:\/\/hochrheinjournal-wt.de\/wp-content\/uploads\/2025\/03\/Vom-Korn-zum-Brot-45.jpg\",\"link\":\"https:\/\/hochrheinjournal-wt.de\/?attachment_id=31200\",\"alt\":\"\",\"description\":\"\",\"caption\":\"\",\"mime\":\"image\/jpeg\",\"type\":\"image\",\"width\":2000,\"height\":1333,\"sizes\":{\"thumbnail\":{\"height\":150,\"width\":150,\"url\":\"https:\/\/hochrheinjournal-wt.de\/wp-content\/uploads\/2025\/03\/Vom-Korn-zum-Brot-45-150x150.jpg\",\"orientation\":\"landscape\"},\"medium\":{\"height\":200,\"width\":300,\"url\":\"https:\/\/hochrheinjournal-wt.de\/wp-content\/uploads\/2025\/03\/Vom-Korn-zum-Brot-45-300x200.jpg\",\"orientation\":\"landscape\"},\"large\":{\"height\":682,\"width\":1024,\"url\":\"https:\/\/hochrheinjournal-wt.de\/wp-content\/uploads\/2025\/03\/Vom-Korn-zum-Brot-45-1024x682.jpg\",\"orientation\":\"landscape\"},\"full\":{\"url\":\"https:\/\/hochrheinjournal-wt.de\/wp-content\/uploads\/2025\/03\/Vom-Korn-zum-Brot-45.jpg\",\"height\":1333,\"width\":2000,\"orientation\":\"landscape\"}},\"imageMeta\":{\"aperture\":\"14\",\"credit\":\"\",\"camera\":\"ILCE-9M2\",\"caption\":\"\",\"created_timestamp\":\"1742638107\",\"copyright\":\"\",\"focal_length\":\"70\",\"iso\":\"200\",\"shutter_speed\":\"0.005\",\"title\":\"\",\"orientation\":\"0\",\"keywords\":[]},\"meta\":false,\"postlink\":\"https:\/\/hochrheinjournal-wt.de\/?attachment_id=31200\"},{\"id\":31201,\"title\":\"Vom Korn zum Brot-46\",\"url\":\"https:\/\/hochrheinjournal-wt.de\/wp-content\/uploads\/2025\/03\/Vom-Korn-zum-Brot-46.jpg\",\"link\":\"https:\/\/hochrheinjournal-wt.de\/?attachment_id=31201\",\"alt\":\"\",\"description\":\"\",\"caption\":\"\",\"mime\":\"image\/jpeg\",\"type\":\"image\",\"width\":2000,\"height\":1333,\"sizes\":{\"thumbnail\":{\"height\":150,\"width\":150,\"url\":\"https:\/\/hochrheinjournal-wt.de\/wp-content\/uploads\/2025\/03\/Vom-Korn-zum-Brot-46-150x150.jpg\",\"orientation\":\"landscape\"},\"medium\":{\"height\":200,\"width\":300,\"url\":\"https:\/\/hochrheinjournal-wt.de\/wp-content\/uploads\/2025\/03\/Vom-Korn-zum-Brot-46-300x200.jpg\",\"orientation\":\"landscape\"},\"large\":{\"height\":682,\"width\":1024,\"url\":\"https:\/\/hochrheinjournal-wt.de\/wp-content\/uploads\/2025\/03\/Vom-Korn-zum-Brot-46-1024x682.jpg\",\"orientation\":\"landscape\"},\"full\":{\"url\":\"https:\/\/hochrheinjournal-wt.de\/wp-content\/uploads\/2025\/03\/Vom-Korn-zum-Brot-46.jpg\",\"height\":1333,\"width\":2000,\"orientation\":\"landscape\"}},\"imageMeta\":{\"aperture\":\"14\",\"credit\":\"\",\"camera\":\"ILCE-9M2\",\"caption\":\"\",\"created_timestamp\":\"1742638163\",\"copyright\":\"\",\"focal_length\":\"70\",\"iso\":\"200\",\"shutter_speed\":\"0.005\",\"title\":\"\",\"orientation\":\"0\",\"keywords\":[]},\"meta\":false,\"postlink\":\"https:\/\/hochrheinjournal-wt.de\/?attachment_id=31201\"},{\"id\":31202,\"title\":\"Vom Korn zum Brot-47\",\"url\":\"https:\/\/hochrheinjournal-wt.de\/wp-content\/uploads\/2025\/03\/Vom-Korn-zum-Brot-47.jpg\",\"link\":\"https:\/\/hochrheinjournal-wt.de\/?attachment_id=31202\",\"alt\":\"\",\"description\":\"\",\"caption\":\"\",\"mime\":\"image\/jpeg\",\"type\":\"image\",\"width\":1333,\"height\":2000,\"sizes\":{\"thumbnail\":{\"height\":150,\"width\":150,\"url\":\"https:\/\/hochrheinjournal-wt.de\/wp-content\/uploads\/2025\/03\/Vom-Korn-zum-Brot-47-150x150.jpg\",\"orientation\":\"landscape\"},\"medium\":{\"height\":300,\"width\":200,\"url\":\"https:\/\/hochrheinjournal-wt.de\/wp-content\/uploads\/2025\/03\/Vom-Korn-zum-Brot-47-200x300.jpg\",\"orientation\":\"portrait\"},\"large\":{\"height\":1024,\"width\":682,\"url\":\"https:\/\/hochrheinjournal-wt.de\/wp-content\/uploads\/2025\/03\/Vom-Korn-zum-Brot-47-682x1024.jpg\",\"orientation\":\"portrait\"},\"full\":{\"url\":\"https:\/\/hochrheinjournal-wt.de\/wp-content\/uploads\/2025\/03\/Vom-Korn-zum-Brot-47.jpg\",\"height\":2000,\"width\":1333,\"orientation\":\"portrait\"}},\"imageMeta\":{\"aperture\":\"14\",\"credit\":\"\",\"camera\":\"ILCE-9M2\",\"caption\":\"\",\"created_timestamp\":\"1742638479\",\"copyright\":\"\",\"focal_length\":\"70\",\"iso\":\"200\",\"shutter_speed\":\"0.005\",\"title\":\"\",\"orientation\":\"0\",\"keywords\":[]},\"meta\":false,\"postlink\":\"https:\/\/hochrheinjournal-wt.de\/?attachment_id=31202\"},{\"id\":31203,\"title\":\"Vom Korn zum Brot-48\",\"url\":\"https:\/\/hochrheinjournal-wt.de\/wp-content\/uploads\/2025\/03\/Vom-Korn-zum-Brot-48.jpg\",\"link\":\"https:\/\/hochrheinjournal-wt.de\/?attachment_id=31203\",\"alt\":\"\",\"description\":\"\",\"caption\":\"\",\"mime\":\"image\/jpeg\",\"type\":\"image\",\"width\":2000,\"height\":1333,\"sizes\":{\"thumbnail\":{\"height\":150,\"width\":150,\"url\":\"https:\/\/hochrheinjournal-wt.de\/wp-content\/uploads\/2025\/03\/Vom-Korn-zum-Brot-48-150x150.jpg\",\"orientation\":\"landscape\"},\"medium\":{\"height\":200,\"width\":300,\"url\":\"https:\/\/hochrheinjournal-wt.de\/wp-content\/uploads\/2025\/03\/Vom-Korn-zum-Brot-48-300x200.jpg\",\"orientation\":\"landscape\"},\"large\":{\"height\":682,\"width\":1024,\"url\":\"https:\/\/hochrheinjournal-wt.de\/wp-content\/uploads\/2025\/03\/Vom-Korn-zum-Brot-48-1024x682.jpg\",\"orientation\":\"landscape\"},\"full\":{\"url\":\"https:\/\/hochrheinjournal-wt.de\/wp-content\/uploads\/2025\/03\/Vom-Korn-zum-Brot-48.jpg\",\"height\":1333,\"width\":2000,\"orientation\":\"landscape\"}},\"imageMeta\":{\"aperture\":\"14\",\"credit\":\"\",\"camera\":\"ILCE-9M2\",\"caption\":\"\",\"created_timestamp\":\"1742638505\",\"copyright\":\"\",\"focal_length\":\"24\",\"iso\":\"200\",\"shutter_speed\":\"0.005\",\"title\":\"\",\"orientation\":\"0\",\"keywords\":[]},\"meta\":false,\"postlink\":\"https:\/\/hochrheinjournal-wt.de\/?attachment_id=31203\"},{\"id\":31204,\"title\":\"Vom Korn zum Brot-49\",\"url\":\"https:\/\/hochrheinjournal-wt.de\/wp-content\/uploads\/2025\/03\/Vom-Korn-zum-Brot-49.jpg\",\"link\":\"https:\/\/hochrheinjournal-wt.de\/?attachment_id=31204\",\"alt\":\"\",\"description\":\"\",\"caption\":\"\",\"mime\":\"image\/jpeg\",\"type\":\"image\",\"width\":2000,\"height\":1333,\"sizes\":{\"thumbnail\":{\"height\":150,\"width\":150,\"url\":\"https:\/\/hochrheinjournal-wt.de\/wp-content\/uploads\/2025\/03\/Vom-Korn-zum-Brot-49-150x150.jpg\",\"orientation\":\"landscape\"},\"medium\":{\"height\":200,\"width\":300,\"url\":\"https:\/\/hochrheinjournal-wt.de\/wp-content\/uploads\/2025\/03\/Vom-Korn-zum-Brot-49-300x200.jpg\",\"orientation\":\"landscape\"},\"large\":{\"height\":682,\"width\":1024,\"url\":\"https:\/\/hochrheinjournal-wt.de\/wp-content\/uploads\/2025\/03\/Vom-Korn-zum-Brot-49-1024x682.jpg\",\"orientation\":\"landscape\"},\"full\":{\"url\":\"https:\/\/hochrheinjournal-wt.de\/wp-content\/uploads\/2025\/03\/Vom-Korn-zum-Brot-49.jpg\",\"height\":1333,\"width\":2000,\"orientation\":\"landscape\"}},\"imageMeta\":{\"aperture\":\"14\",\"credit\":\"\",\"camera\":\"ILCE-9M2\",\"caption\":\"\",\"created_timestamp\":\"1742638685\",\"copyright\":\"\",\"focal_length\":\"27\",\"iso\":\"200\",\"shutter_speed\":\"0.005\",\"title\":\"\",\"orientation\":\"0\",\"keywords\":[]},\"meta\":false,\"postlink\":\"https:\/\/hochrheinjournal-wt.de\/?attachment_id=31204\"},{\"id\":31205,\"title\":\"Vom Korn zum Brot-50\",\"url\":\"https:\/\/hochrheinjournal-wt.de\/wp-content\/uploads\/2025\/03\/Vom-Korn-zum-Brot-50.jpg\",\"link\":\"https:\/\/hochrheinjournal-wt.de\/?attachment_id=31205\",\"alt\":\"\",\"description\":\"\",\"caption\":\"\",\"mime\":\"image\/jpeg\",\"type\":\"image\",\"width\":2000,\"height\":1333,\"sizes\":{\"thumbnail\":{\"height\":150,\"width\":150,\"url\":\"https:\/\/hochrheinjournal-wt.de\/wp-content\/uploads\/2025\/03\/Vom-Korn-zum-Brot-50-150x150.jpg\",\"orientation\":\"landscape\"},\"medium\":{\"height\":200,\"width\":300,\"url\":\"https:\/\/hochrheinjournal-wt.de\/wp-content\/uploads\/2025\/03\/Vom-Korn-zum-Brot-50-300x200.jpg\",\"orientation\":\"landscape\"},\"large\":{\"height\":682,\"width\":1024,\"url\":\"https:\/\/hochrheinjournal-wt.de\/wp-content\/uploads\/2025\/03\/Vom-Korn-zum-Brot-50-1024x682.jpg\",\"orientation\":\"landscape\"},\"full\":{\"url\":\"https:\/\/hochrheinjournal-wt.de\/wp-content\/uploads\/2025\/03\/Vom-Korn-zum-Brot-50.jpg\",\"height\":1333,\"width\":2000,\"orientation\":\"landscape\"}},\"imageMeta\":{\"aperture\":\"14\",\"credit\":\"\",\"camera\":\"ILCE-9M2\",\"caption\":\"\",\"created_timestamp\":\"1742638714\",\"copyright\":\"\",\"focal_length\":\"39\",\"iso\":\"200\",\"shutter_speed\":\"0.005\",\"title\":\"\",\"orientation\":\"0\",\"keywords\":[]},\"meta\":false,\"postlink\":\"https:\/\/hochrheinjournal-wt.de\/?attachment_id=31205\"},{\"id\":31206,\"title\":\"Vom Korn zum Brot-51\",\"url\":\"https:\/\/hochrheinjournal-wt.de\/wp-content\/uploads\/2025\/03\/Vom-Korn-zum-Brot-51.jpg\",\"link\":\"https:\/\/hochrheinjournal-wt.de\/?attachment_id=31206\",\"alt\":\"\",\"description\":\"\",\"caption\":\"\",\"mime\":\"image\/jpeg\",\"type\":\"image\",\"width\":2000,\"height\":1333,\"sizes\":{\"thumbnail\":{\"height\":150,\"width\":150,\"url\":\"https:\/\/hochrheinjournal-wt.de\/wp-content\/uploads\/2025\/03\/Vom-Korn-zum-Brot-51-150x150.jpg\",\"orientation\":\"landscape\"},\"medium\":{\"height\":200,\"width\":300,\"url\":\"https:\/\/hochrheinjournal-wt.de\/wp-content\/uploads\/2025\/03\/Vom-Korn-zum-Brot-51-300x200.jpg\",\"orientation\":\"landscape\"},\"large\":{\"height\":682,\"width\":1024,\"url\":\"https:\/\/hochrheinjournal-wt.de\/wp-content\/uploads\/2025\/03\/Vom-Korn-zum-Brot-51-1024x682.jpg\",\"orientation\":\"landscape\"},\"full\":{\"url\":\"https:\/\/hochrheinjournal-wt.de\/wp-content\/uploads\/2025\/03\/Vom-Korn-zum-Brot-51.jpg\",\"height\":1333,\"width\":2000,\"orientation\":\"landscape\"}},\"imageMeta\":{\"aperture\":\"14\",\"credit\":\"\",\"camera\":\"ILCE-9M2\",\"caption\":\"\",\"created_timestamp\":\"1742639111\",\"copyright\":\"\",\"focal_length\":\"65\",\"iso\":\"200\",\"shutter_speed\":\"0.005\",\"title\":\"\",\"orientation\":\"0\",\"keywords\":[]},\"meta\":false,\"postlink\":\"https:\/\/hochrheinjournal-wt.de\/?attachment_id=31206\"},{\"id\":31207,\"title\":\"Vom Korn zum Brot-52\",\"url\":\"https:\/\/hochrheinjournal-wt.de\/wp-content\/uploads\/2025\/03\/Vom-Korn-zum-Brot-52.jpg\",\"link\":\"https:\/\/hochrheinjournal-wt.de\/?attachment_id=31207\",\"alt\":\"\",\"description\":\"\",\"caption\":\"\",\"mime\":\"image\/jpeg\",\"type\":\"image\",\"width\":2000,\"height\":1333,\"sizes\":{\"thumbnail\":{\"height\":150,\"width\":150,\"url\":\"https:\/\/hochrheinjournal-wt.de\/wp-content\/uploads\/2025\/03\/Vom-Korn-zum-Brot-52-150x150.jpg\",\"orientation\":\"landscape\"},\"medium\":{\"height\":200,\"width\":300,\"url\":\"https:\/\/hochrheinjournal-wt.de\/wp-content\/uploads\/2025\/03\/Vom-Korn-zum-Brot-52-300x200.jpg\",\"orientation\":\"landscape\"},\"large\":{\"height\":682,\"width\":1024,\"url\":\"https:\/\/hochrheinjournal-wt.de\/wp-content\/uploads\/2025\/03\/Vom-Korn-zum-Brot-52-1024x682.jpg\",\"orientation\":\"landscape\"},\"full\":{\"url\":\"https:\/\/hochrheinjournal-wt.de\/wp-content\/uploads\/2025\/03\/Vom-Korn-zum-Brot-52.jpg\",\"height\":1333,\"width\":2000,\"orientation\":\"landscape\"}},\"imageMeta\":{\"aperture\":\"13\",\"credit\":\"\",\"camera\":\"ILCE-9M2\",\"caption\":\"\",\"created_timestamp\":\"1742639385\",\"copyright\":\"\",\"focal_length\":\"70\",\"iso\":\"200\",\"shutter_speed\":\"0.005\",\"title\":\"\",\"orientation\":\"0\",\"keywords\":[]},\"meta\":false,\"postlink\":\"https:\/\/hochrheinjournal-wt.de\/?attachment_id=31207\"},{\"id\":31208,\"title\":\"Vom Korn zum Brot-53\",\"url\":\"https:\/\/hochrheinjournal-wt.de\/wp-content\/uploads\/2025\/03\/Vom-Korn-zum-Brot-53.jpg\",\"link\":\"https:\/\/hochrheinjournal-wt.de\/?attachment_id=31208\",\"alt\":\"\",\"description\":\"\",\"caption\":\"\",\"mime\":\"image\/jpeg\",\"type\":\"image\",\"width\":2000,\"height\":1333,\"sizes\":{\"thumbnail\":{\"height\":150,\"width\":150,\"url\":\"https:\/\/hochrheinjournal-wt.de\/wp-content\/uploads\/2025\/03\/Vom-Korn-zum-Brot-53-150x150.jpg\",\"orientation\":\"landscape\"},\"medium\":{\"height\":200,\"width\":300,\"url\":\"https:\/\/hochrheinjournal-wt.de\/wp-content\/uploads\/2025\/03\/Vom-Korn-zum-Brot-53-300x200.jpg\",\"orientation\":\"landscape\"},\"large\":{\"height\":682,\"width\":1024,\"url\":\"https:\/\/hochrheinjournal-wt.de\/wp-content\/uploads\/2025\/03\/Vom-Korn-zum-Brot-53-1024x682.jpg\",\"orientation\":\"landscape\"},\"full\":{\"url\":\"https:\/\/hochrheinjournal-wt.de\/wp-content\/uploads\/2025\/03\/Vom-Korn-zum-Brot-53.jpg\",\"height\":1333,\"width\":2000,\"orientation\":\"landscape\"}},\"imageMeta\":{\"aperture\":\"13\",\"credit\":\"\",\"camera\":\"ILCE-9M2\",\"caption\":\"\",\"created_timestamp\":\"1742639657\",\"copyright\":\"\",\"focal_length\":\"42\",\"iso\":\"200\",\"shutter_speed\":\"0.005\",\"title\":\"\",\"orientation\":\"0\",\"keywords\":[]},\"meta\":false,\"postlink\":\"https:\/\/hochrheinjournal-wt.de\/?attachment_id=31208\"},{\"id\":31209,\"title\":\"Vom Korn zum Brot-54\",\"url\":\"https:\/\/hochrheinjournal-wt.de\/wp-content\/uploads\/2025\/03\/Vom-Korn-zum-Brot-54.jpg\",\"link\":\"https:\/\/hochrheinjournal-wt.de\/?attachment_id=31209\",\"alt\":\"\",\"description\":\"\",\"caption\":\"\",\"mime\":\"image\/jpeg\",\"type\":\"image\",\"width\":2000,\"height\":1333,\"sizes\":{\"thumbnail\":{\"height\":150,\"width\":150,\"url\":\"https:\/\/hochrheinjournal-wt.de\/wp-content\/uploads\/2025\/03\/Vom-Korn-zum-Brot-54-150x150.jpg\",\"orientation\":\"landscape\"},\"medium\":{\"height\":200,\"width\":300,\"url\":\"https:\/\/hochrheinjournal-wt.de\/wp-content\/uploads\/2025\/03\/Vom-Korn-zum-Brot-54-300x200.jpg\",\"orientation\":\"landscape\"},\"large\":{\"height\":682,\"width\":1024,\"url\":\"https:\/\/hochrheinjournal-wt.de\/wp-content\/uploads\/2025\/03\/Vom-Korn-zum-Brot-54-1024x682.jpg\",\"orientation\":\"landscape\"},\"full\":{\"url\":\"https:\/\/hochrheinjournal-wt.de\/wp-content\/uploads\/2025\/03\/Vom-Korn-zum-Brot-54.jpg\",\"height\":1333,\"width\":2000,\"orientation\":\"landscape\"}},\"imageMeta\":{\"aperture\":\"13\",\"credit\":\"\",\"camera\":\"ILCE-9M2\",\"caption\":\"\",\"created_timestamp\":\"1742639687\",\"copyright\":\"\",\"focal_length\":\"24\",\"iso\":\"200\",\"shutter_speed\":\"0.005\",\"title\":\"\",\"orientation\":\"0\",\"keywords\":[]},\"meta\":false,\"postlink\":\"https:\/\/hochrheinjournal-wt.de\/?attachment_id=31209\"},{\"id\":31210,\"title\":\"Vom Korn zum Brot-55\",\"url\":\"https:\/\/hochrheinjournal-wt.de\/wp-content\/uploads\/2025\/03\/Vom-Korn-zum-Brot-55.jpg\",\"link\":\"https:\/\/hochrheinjournal-wt.de\/?attachment_id=31210\",\"alt\":\"\",\"description\":\"\",\"caption\":\"\",\"mime\":\"image\/jpeg\",\"type\":\"image\",\"width\":2000,\"height\":1333,\"sizes\":{\"thumbnail\":{\"height\":150,\"width\":150,\"url\":\"https:\/\/hochrheinjournal-wt.de\/wp-content\/uploads\/2025\/03\/Vom-Korn-zum-Brot-55-150x150.jpg\",\"orientation\":\"landscape\"},\"medium\":{\"height\":200,\"width\":300,\"url\":\"https:\/\/hochrheinjournal-wt.de\/wp-content\/uploads\/2025\/03\/Vom-Korn-zum-Brot-55-300x200.jpg\",\"orientation\":\"landscape\"},\"large\":{\"height\":682,\"width\":1024,\"url\":\"https:\/\/hochrheinjournal-wt.de\/wp-content\/uploads\/2025\/03\/Vom-Korn-zum-Brot-55-1024x682.jpg\",\"orientation\":\"landscape\"},\"full\":{\"url\":\"https:\/\/hochrheinjournal-wt.de\/wp-content\/uploads\/2025\/03\/Vom-Korn-zum-Brot-55.jpg\",\"height\":1333,\"width\":2000,\"orientation\":\"landscape\"}},\"imageMeta\":{\"aperture\":\"13\",\"credit\":\"\",\"camera\":\"ILCE-9M2\",\"caption\":\"\",\"created_timestamp\":\"1742640245\",\"copyright\":\"\",\"focal_length\":\"51\",\"iso\":\"200\",\"shutter_speed\":\"0.005\",\"title\":\"\",\"orientation\":\"0\",\"keywords\":[]},\"meta\":false,\"postlink\":\"https:\/\/hochrheinjournal-wt.de\/?attachment_id=31210\"},{\"id\":31211,\"title\":\"Vom Korn zum Brot-56\",\"url\":\"https:\/\/hochrheinjournal-wt.de\/wp-content\/uploads\/2025\/03\/Vom-Korn-zum-Brot-56.jpg\",\"link\":\"https:\/\/hochrheinjournal-wt.de\/?attachment_id=31211\",\"alt\":\"\",\"description\":\"\",\"caption\":\"\",\"mime\":\"image\/jpeg\",\"type\":\"image\",\"width\":2000,\"height\":1333,\"sizes\":{\"thumbnail\":{\"height\":150,\"width\":150,\"url\":\"https:\/\/hochrheinjournal-wt.de\/wp-content\/uploads\/2025\/03\/Vom-Korn-zum-Brot-56-150x150.jpg\",\"orientation\":\"landscape\"},\"medium\":{\"height\":200,\"width\":300,\"url\":\"https:\/\/hochrheinjournal-wt.de\/wp-content\/uploads\/2025\/03\/Vom-Korn-zum-Brot-56-300x200.jpg\",\"orientation\":\"landscape\"},\"large\":{\"height\":682,\"width\":1024,\"url\":\"https:\/\/hochrheinjournal-wt.de\/wp-content\/uploads\/2025\/03\/Vom-Korn-zum-Brot-56-1024x682.jpg\",\"orientation\":\"landscape\"},\"full\":{\"url\":\"https:\/\/hochrheinjournal-wt.de\/wp-content\/uploads\/2025\/03\/Vom-Korn-zum-Brot-56.jpg\",\"height\":1333,\"width\":2000,\"orientation\":\"landscape\"}},\"imageMeta\":{\"aperture\":\"9\",\"credit\":\"\",\"camera\":\"ILCE-9M2\",\"caption\":\"\",\"created_timestamp\":\"1742640598\",\"copyright\":\"\",\"focal_length\":\"24\",\"iso\":\"1000\",\"shutter_speed\":\"0.005\",\"title\":\"\",\"orientation\":\"0\",\"keywords\":[]},\"meta\":false,\"postlink\":\"https:\/\/hochrheinjournal-wt.de\/?attachment_id=31211\"},{\"id\":31212,\"title\":\"Vom Korn zum Brot-57\",\"url\":\"https:\/\/hochrheinjournal-wt.de\/wp-content\/uploads\/2025\/03\/Vom-Korn-zum-Brot-57.jpg\",\"link\":\"https:\/\/hochrheinjournal-wt.de\/?attachment_id=31212\",\"alt\":\"\",\"description\":\"\",\"caption\":\"\",\"mime\":\"image\/jpeg\",\"type\":\"image\",\"width\":2000,\"height\":1333,\"sizes\":{\"thumbnail\":{\"height\":150,\"width\":150,\"url\":\"https:\/\/hochrheinjournal-wt.de\/wp-content\/uploads\/2025\/03\/Vom-Korn-zum-Brot-57-150x150.jpg\",\"orientation\":\"landscape\"},\"medium\":{\"height\":200,\"width\":300,\"url\":\"https:\/\/hochrheinjournal-wt.de\/wp-content\/uploads\/2025\/03\/Vom-Korn-zum-Brot-57-300x200.jpg\",\"orientation\":\"landscape\"},\"large\":{\"height\":682,\"width\":1024,\"url\":\"https:\/\/hochrheinjournal-wt.de\/wp-content\/uploads\/2025\/03\/Vom-Korn-zum-Brot-57-1024x682.jpg\",\"orientation\":\"landscape\"},\"full\":{\"url\":\"https:\/\/hochrheinjournal-wt.de\/wp-content\/uploads\/2025\/03\/Vom-Korn-zum-Brot-57.jpg\",\"height\":1333,\"width\":2000,\"orientation\":\"landscape\"}},\"imageMeta\":{\"aperture\":\"9\",\"credit\":\"\",\"camera\":\"ILCE-9M2\",\"caption\":\"\",\"created_timestamp\":\"1742640600\",\"copyright\":\"\",\"focal_length\":\"24\",\"iso\":\"1000\",\"shutter_speed\":\"0.005\",\"title\":\"\",\"orientation\":\"0\",\"keywords\":[]},\"meta\":false,\"postlink\":\"https:\/\/hochrheinjournal-wt.de\/?attachment_id=31212\"},{\"id\":31213,\"title\":\"Vom Korn zum Brot-58\",\"url\":\"https:\/\/hochrheinjournal-wt.de\/wp-content\/uploads\/2025\/03\/Vom-Korn-zum-Brot-58.jpg\",\"link\":\"https:\/\/hochrheinjournal-wt.de\/?attachment_id=31213\",\"alt\":\"\",\"description\":\"\",\"caption\":\"\",\"mime\":\"image\/jpeg\",\"type\":\"image\",\"width\":2000,\"height\":1333,\"sizes\":{\"thumbnail\":{\"height\":150,\"width\":150,\"url\":\"https:\/\/hochrheinjournal-wt.de\/wp-content\/uploads\/2025\/03\/Vom-Korn-zum-Brot-58-150x150.jpg\",\"orientation\":\"landscape\"},\"medium\":{\"height\":200,\"width\":300,\"url\":\"https:\/\/hochrheinjournal-wt.de\/wp-content\/uploads\/2025\/03\/Vom-Korn-zum-Brot-58-300x200.jpg\",\"orientation\":\"landscape\"},\"large\":{\"height\":682,\"width\":1024,\"url\":\"https:\/\/hochrheinjournal-wt.de\/wp-content\/uploads\/2025\/03\/Vom-Korn-zum-Brot-58-1024x682.jpg\",\"orientation\":\"landscape\"},\"full\":{\"url\":\"https:\/\/hochrheinjournal-wt.de\/wp-content\/uploads\/2025\/03\/Vom-Korn-zum-Brot-58.jpg\",\"height\":1333,\"width\":2000,\"orientation\":\"landscape\"}},\"imageMeta\":{\"aperture\":\"9\",\"credit\":\"\",\"camera\":\"ILCE-9M2\",\"caption\":\"\",\"created_timestamp\":\"1742640631\",\"copyright\":\"\",\"focal_length\":\"24\",\"iso\":\"1000\",\"shutter_speed\":\"0.005\",\"title\":\"\",\"orientation\":\"0\",\"keywords\":[]},\"meta\":false,\"postlink\":\"https:\/\/hochrheinjournal-wt.de\/?attachment_id=31213\"},{\"id\":31214,\"title\":\"Vom Korn zum Brot-59\",\"url\":\"https:\/\/hochrheinjournal-wt.de\/wp-content\/uploads\/2025\/03\/Vom-Korn-zum-Brot-59.jpg\",\"link\":\"https:\/\/hochrheinjournal-wt.de\/?attachment_id=31214\",\"alt\":\"\",\"description\":\"\",\"caption\":\"\",\"mime\":\"image\/jpeg\",\"type\":\"image\",\"width\":2000,\"height\":1333,\"sizes\":{\"thumbnail\":{\"height\":150,\"width\":150,\"url\":\"https:\/\/hochrheinjournal-wt.de\/wp-content\/uploads\/2025\/03\/Vom-Korn-zum-Brot-59-150x150.jpg\",\"orientation\":\"landscape\"},\"medium\":{\"height\":200,\"width\":300,\"url\":\"https:\/\/hochrheinjournal-wt.de\/wp-content\/uploads\/2025\/03\/Vom-Korn-zum-Brot-59-300x200.jpg\",\"orientation\":\"landscape\"},\"large\":{\"height\":682,\"width\":1024,\"url\":\"https:\/\/hochrheinjournal-wt.de\/wp-content\/uploads\/2025\/03\/Vom-Korn-zum-Brot-59-1024x682.jpg\",\"orientation\":\"landscape\"},\"full\":{\"url\":\"https:\/\/hochrheinjournal-wt.de\/wp-content\/uploads\/2025\/03\/Vom-Korn-zum-Brot-59.jpg\",\"height\":1333,\"width\":2000,\"orientation\":\"landscape\"}},\"imageMeta\":{\"aperture\":\"9\",\"credit\":\"\",\"camera\":\"ILCE-9M2\",\"caption\":\"\",\"created_timestamp\":\"1742640669\",\"copyright\":\"\",\"focal_length\":\"24\",\"iso\":\"1250\",\"shutter_speed\":\"0.005\",\"title\":\"\",\"orientation\":\"0\",\"keywords\":[]},\"meta\":false,\"postlink\":\"https:\/\/hochrheinjournal-wt.de\/?attachment_id=31214\"},{\"id\":31215,\"title\":\"Vom Korn zum Brot-60\",\"url\":\"https:\/\/hochrheinjournal-wt.de\/wp-content\/uploads\/2025\/03\/Vom-Korn-zum-Brot-60.jpg\",\"link\":\"https:\/\/hochrheinjournal-wt.de\/?attachment_id=31215\",\"alt\":\"\",\"description\":\"\",\"caption\":\"\",\"mime\":\"image\/jpeg\",\"type\":\"image\",\"width\":2000,\"height\":1333,\"sizes\":{\"thumbnail\":{\"height\":150,\"width\":150,\"url\":\"https:\/\/hochrheinjournal-wt.de\/wp-content\/uploads\/2025\/03\/Vom-Korn-zum-Brot-60-150x150.jpg\",\"orientation\":\"landscape\"},\"medium\":{\"height\":200,\"width\":300,\"url\":\"https:\/\/hochrheinjournal-wt.de\/wp-content\/uploads\/2025\/03\/Vom-Korn-zum-Brot-60-300x200.jpg\",\"orientation\":\"landscape\"},\"large\":{\"height\":682,\"width\":1024,\"url\":\"https:\/\/hochrheinjournal-wt.de\/wp-content\/uploads\/2025\/03\/Vom-Korn-zum-Brot-60-1024x682.jpg\",\"orientation\":\"landscape\"},\"full\":{\"url\":\"https:\/\/hochrheinjournal-wt.de\/wp-content\/uploads\/2025\/03\/Vom-Korn-zum-Brot-60.jpg\",\"height\":1333,\"width\":2000,\"orientation\":\"landscape\"}},\"imageMeta\":{\"aperture\":\"9\",\"credit\":\"\",\"camera\":\"ILCE-9M2\",\"caption\":\"\",\"created_timestamp\":\"1742640732\",\"copyright\":\"\",\"focal_length\":\"24\",\"iso\":\"1250\",\"shutter_speed\":\"0.005\",\"title\":\"\",\"orientation\":\"0\",\"keywords\":[]},\"meta\":false,\"postlink\":\"https:\/\/hochrheinjournal-wt.de\/?attachment_id=31215\"},{\"id\":31216,\"title\":\"Vom Korn zum Brot-61\",\"url\":\"https:\/\/hochrheinjournal-wt.de\/wp-content\/uploads\/2025\/03\/Vom-Korn-zum-Brot-61.jpg\",\"link\":\"https:\/\/hochrheinjournal-wt.de\/?attachment_id=31216\",\"alt\":\"\",\"description\":\"\",\"caption\":\"\",\"mime\":\"image\/jpeg\",\"type\":\"image\",\"width\":2000,\"height\":1333,\"sizes\":{\"thumbnail\":{\"height\":150,\"width\":150,\"url\":\"https:\/\/hochrheinjournal-wt.de\/wp-content\/uploads\/2025\/03\/Vom-Korn-zum-Brot-61-150x150.jpg\",\"orientation\":\"landscape\"},\"medium\":{\"height\":200,\"width\":300,\"url\":\"https:\/\/hochrheinjournal-wt.de\/wp-content\/uploads\/2025\/03\/Vom-Korn-zum-Brot-61-300x200.jpg\",\"orientation\":\"landscape\"},\"large\":{\"height\":682,\"width\":1024,\"url\":\"https:\/\/hochrheinjournal-wt.de\/wp-content\/uploads\/2025\/03\/Vom-Korn-zum-Brot-61-1024x682.jpg\",\"orientation\":\"landscape\"},\"full\":{\"url\":\"https:\/\/hochrheinjournal-wt.de\/wp-content\/uploads\/2025\/03\/Vom-Korn-zum-Brot-61.jpg\",\"height\":1333,\"width\":2000,\"orientation\":\"landscape\"}},\"imageMeta\":{\"aperture\":\"9\",\"credit\":\"\",\"camera\":\"ILCE-9M2\",\"caption\":\"\",\"created_timestamp\":\"1742640891\",\"copyright\":\"\",\"focal_length\":\"24\",\"iso\":\"1250\",\"shutter_speed\":\"0.005\",\"title\":\"\",\"orientation\":\"0\",\"keywords\":[]},\"meta\":false,\"postlink\":\"https:\/\/hochrheinjournal-wt.de\/?attachment_id=31216\"},{\"id\":31217,\"title\":\"Vom Korn zum Brot-62\",\"url\":\"https:\/\/hochrheinjournal-wt.de\/wp-content\/uploads\/2025\/03\/Vom-Korn-zum-Brot-62.jpg\",\"link\":\"https:\/\/hochrheinjournal-wt.de\/?attachment_id=31217\",\"alt\":\"\",\"description\":\"\",\"caption\":\"\",\"mime\":\"image\/jpeg\",\"type\":\"image\",\"width\":2000,\"height\":1333,\"sizes\":{\"thumbnail\":{\"height\":150,\"width\":150,\"url\":\"https:\/\/hochrheinjournal-wt.de\/wp-content\/uploads\/2025\/03\/Vom-Korn-zum-Brot-62-150x150.jpg\",\"orientation\":\"landscape\"},\"medium\":{\"height\":200,\"width\":300,\"url\":\"https:\/\/hochrheinjournal-wt.de\/wp-content\/uploads\/2025\/03\/Vom-Korn-zum-Brot-62-300x200.jpg\",\"orientation\":\"landscape\"},\"large\":{\"height\":682,\"width\":1024,\"url\":\"https:\/\/hochrheinjournal-wt.de\/wp-content\/uploads\/2025\/03\/Vom-Korn-zum-Brot-62-1024x682.jpg\",\"orientation\":\"landscape\"},\"full\":{\"url\":\"https:\/\/hochrheinjournal-wt.de\/wp-content\/uploads\/2025\/03\/Vom-Korn-zum-Brot-62.jpg\",\"height\":1333,\"width\":2000,\"orientation\":\"landscape\"}},\"imageMeta\":{\"aperture\":\"9\",\"credit\":\"\",\"camera\":\"ILCE-9M2\",\"caption\":\"\",\"created_timestamp\":\"1742640898\",\"copyright\":\"\",\"focal_length\":\"24\",\"iso\":\"1250\",\"shutter_speed\":\"0.005\",\"title\":\"\",\"orientation\":\"0\",\"keywords\":[]},\"meta\":false,\"postlink\":\"https:\/\/hochrheinjournal-wt.de\/?attachment_id=31217\"},{\"id\":31218,\"title\":\"Vom Korn zum Brot-63\",\"url\":\"https:\/\/hochrheinjournal-wt.de\/wp-content\/uploads\/2025\/03\/Vom-Korn-zum-Brot-63.jpg\",\"link\":\"https:\/\/hochrheinjournal-wt.de\/?attachment_id=31218\",\"alt\":\"\",\"description\":\"\",\"caption\":\"\",\"mime\":\"image\/jpeg\",\"type\":\"image\",\"width\":2000,\"height\":1333,\"sizes\":{\"thumbnail\":{\"height\":150,\"width\":150,\"url\":\"https:\/\/hochrheinjournal-wt.de\/wp-content\/uploads\/2025\/03\/Vom-Korn-zum-Brot-63-150x150.jpg\",\"orientation\":\"landscape\"},\"medium\":{\"height\":200,\"width\":300,\"url\":\"https:\/\/hochrheinjournal-wt.de\/wp-content\/uploads\/2025\/03\/Vom-Korn-zum-Brot-63-300x200.jpg\",\"orientation\":\"landscape\"},\"large\":{\"height\":682,\"width\":1024,\"url\":\"https:\/\/hochrheinjournal-wt.de\/wp-content\/uploads\/2025\/03\/Vom-Korn-zum-Brot-63-1024x682.jpg\",\"orientation\":\"landscape\"},\"full\":{\"url\":\"https:\/\/hochrheinjournal-wt.de\/wp-content\/uploads\/2025\/03\/Vom-Korn-zum-Brot-63.jpg\",\"height\":1333,\"width\":2000,\"orientation\":\"landscape\"}},\"imageMeta\":{\"aperture\":\"9\",\"credit\":\"\",\"camera\":\"ILCE-9M2\",\"caption\":\"\",\"created_timestamp\":\"1742640913\",\"copyright\":\"\",\"focal_length\":\"24\",\"iso\":\"500\",\"shutter_speed\":\"0.005\",\"title\":\"\",\"orientation\":\"0\",\"keywords\":[]},\"meta\":false,\"postlink\":\"https:\/\/hochrheinjournal-wt.de\/?attachment_id=31218\"},{\"id\":31219,\"title\":\"Vom Korn zum Brot-64\",\"url\":\"https:\/\/hochrheinjournal-wt.de\/wp-content\/uploads\/2025\/03\/Vom-Korn-zum-Brot-64.jpg\",\"link\":\"https:\/\/hochrheinjournal-wt.de\/?attachment_id=31219\",\"alt\":\"\",\"description\":\"\",\"caption\":\"\",\"mime\":\"image\/jpeg\",\"type\":\"image\",\"width\":2000,\"height\":1333,\"sizes\":{\"thumbnail\":{\"height\":150,\"width\":150,\"url\":\"https:\/\/hochrheinjournal-wt.de\/wp-content\/uploads\/2025\/03\/Vom-Korn-zum-Brot-64-150x150.jpg\",\"orientation\":\"landscape\"},\"medium\":{\"height\":200,\"width\":300,\"url\":\"https:\/\/hochrheinjournal-wt.de\/wp-content\/uploads\/2025\/03\/Vom-Korn-zum-Brot-64-300x200.jpg\",\"orientation\":\"landscape\"},\"large\":{\"height\":682,\"width\":1024,\"url\":\"https:\/\/hochrheinjournal-wt.de\/wp-content\/uploads\/2025\/03\/Vom-Korn-zum-Brot-64-1024x682.jpg\",\"orientation\":\"landscape\"},\"full\":{\"url\":\"https:\/\/hochrheinjournal-wt.de\/wp-content\/uploads\/2025\/03\/Vom-Korn-zum-Brot-64.jpg\",\"height\":1333,\"width\":2000,\"orientation\":\"landscape\"}},\"imageMeta\":{\"aperture\":\"11\",\"credit\":\"\",\"camera\":\"ILCE-9M2\",\"caption\":\"\",\"created_timestamp\":\"1742640951\",\"copyright\":\"\",\"focal_length\":\"45\",\"iso\":\"200\",\"shutter_speed\":\"0.005\",\"title\":\"\",\"orientation\":\"0\",\"keywords\":[]},\"meta\":false,\"postlink\":\"https:\/\/hochrheinjournal-wt.de\/?attachment_id=31219\"},{\"id\":31220,\"title\":\"Vom Korn zum Brot-65\",\"url\":\"https:\/\/hochrheinjournal-wt.de\/wp-content\/uploads\/2025\/03\/Vom-Korn-zum-Brot-65.jpg\",\"link\":\"https:\/\/hochrheinjournal-wt.de\/?attachment_id=31220\",\"alt\":\"\",\"description\":\"\",\"caption\":\"\",\"mime\":\"image\/jpeg\",\"type\":\"image\",\"width\":2000,\"height\":1333,\"sizes\":{\"thumbnail\":{\"height\":150,\"width\":150,\"url\":\"https:\/\/hochrheinjournal-wt.de\/wp-content\/uploads\/2025\/03\/Vom-Korn-zum-Brot-65-150x150.jpg\",\"orientation\":\"landscape\"},\"medium\":{\"height\":200,\"width\":300,\"url\":\"https:\/\/hochrheinjournal-wt.de\/wp-content\/uploads\/2025\/03\/Vom-Korn-zum-Brot-65-300x200.jpg\",\"orientation\":\"landscape\"},\"large\":{\"height\":682,\"width\":1024,\"url\":\"https:\/\/hochrheinjournal-wt.de\/wp-content\/uploads\/2025\/03\/Vom-Korn-zum-Brot-65-1024x682.jpg\",\"orientation\":\"landscape\"},\"full\":{\"url\":\"https:\/\/hochrheinjournal-wt.de\/wp-content\/uploads\/2025\/03\/Vom-Korn-zum-Brot-65.jpg\",\"height\":1333,\"width\":2000,\"orientation\":\"landscape\"}},\"imageMeta\":{\"aperture\":\"11\",\"credit\":\"\",\"camera\":\"ILCE-9M2\",\"caption\":\"\",\"created_timestamp\":\"1742640987\",\"copyright\":\"\",\"focal_length\":\"45\",\"iso\":\"200\",\"shutter_speed\":\"0.005\",\"title\":\"\",\"orientation\":\"0\",\"keywords\":[]},\"meta\":false,\"postlink\":\"https:\/\/hochrheinjournal-wt.de\/?attachment_id=31220\"},{\"id\":31221,\"title\":\"Vom Korn zum Brot-66\",\"url\":\"https:\/\/hochrheinjournal-wt.de\/wp-content\/uploads\/2025\/03\/Vom-Korn-zum-Brot-66.jpg\",\"link\":\"https:\/\/hochrheinjournal-wt.de\/?attachment_id=31221\",\"alt\":\"\",\"description\":\"\",\"caption\":\"\",\"mime\":\"image\/jpeg\",\"type\":\"image\",\"width\":2000,\"height\":1333,\"sizes\":{\"thumbnail\":{\"height\":150,\"width\":150,\"url\":\"https:\/\/hochrheinjournal-wt.de\/wp-content\/uploads\/2025\/03\/Vom-Korn-zum-Brot-66-150x150.jpg\",\"orientation\":\"landscape\"},\"medium\":{\"height\":200,\"width\":300,\"url\":\"https:\/\/hochrheinjournal-wt.de\/wp-content\/uploads\/2025\/03\/Vom-Korn-zum-Brot-66-300x200.jpg\",\"orientation\":\"landscape\"},\"large\":{\"height\":682,\"width\":1024,\"url\":\"https:\/\/hochrheinjournal-wt.de\/wp-content\/uploads\/2025\/03\/Vom-Korn-zum-Brot-66-1024x682.jpg\",\"orientation\":\"landscape\"},\"full\":{\"url\":\"https:\/\/hochrheinjournal-wt.de\/wp-content\/uploads\/2025\/03\/Vom-Korn-zum-Brot-66.jpg\",\"height\":1333,\"width\":2000,\"orientation\":\"landscape\"}},\"imageMeta\":{\"aperture\":\"9\",\"credit\":\"\",\"camera\":\"ILCE-9M2\",\"caption\":\"\",\"created_timestamp\":\"1742641033\",\"copyright\":\"\",\"focal_length\":\"26\",\"iso\":\"800\",\"shutter_speed\":\"0.005\",\"title\":\"\",\"orientation\":\"0\",\"keywords\":[]},\"meta\":false,\"postlink\":\"https:\/\/hochrheinjournal-wt.de\/?attachment_id=31221\"},{\"id\":31222,\"title\":\"Vom Korn zum Brot-67\",\"url\":\"https:\/\/hochrheinjournal-wt.de\/wp-content\/uploads\/2025\/03\/Vom-Korn-zum-Brot-67.jpg\",\"link\":\"https:\/\/hochrheinjournal-wt.de\/?attachment_id=31222\",\"alt\":\"\",\"description\":\"\",\"caption\":\"\",\"mime\":\"image\/jpeg\",\"type\":\"image\",\"width\":2000,\"height\":1333,\"sizes\":{\"thumbnail\":{\"height\":150,\"width\":150,\"url\":\"https:\/\/hochrheinjournal-wt.de\/wp-content\/uploads\/2025\/03\/Vom-Korn-zum-Brot-67-150x150.jpg\",\"orientation\":\"landscape\"},\"medium\":{\"height\":200,\"width\":300,\"url\":\"https:\/\/hochrheinjournal-wt.de\/wp-content\/uploads\/2025\/03\/Vom-Korn-zum-Brot-67-300x200.jpg\",\"orientation\":\"landscape\"},\"large\":{\"height\":682,\"width\":1024,\"url\":\"https:\/\/hochrheinjournal-wt.de\/wp-content\/uploads\/2025\/03\/Vom-Korn-zum-Brot-67-1024x682.jpg\",\"orientation\":\"landscape\"},\"full\":{\"url\":\"https:\/\/hochrheinjournal-wt.de\/wp-content\/uploads\/2025\/03\/Vom-Korn-zum-Brot-67.jpg\",\"height\":1333,\"width\":2000,\"orientation\":\"landscape\"}},\"imageMeta\":{\"aperture\":\"9\",\"credit\":\"\",\"camera\":\"ILCE-9M2\",\"caption\":\"\",\"created_timestamp\":\"1742641038\",\"copyright\":\"\",\"focal_length\":\"26\",\"iso\":\"800\",\"shutter_speed\":\"0.005\",\"title\":\"\",\"orientation\":\"0\",\"keywords\":[]},\"meta\":false,\"postlink\":\"https:\/\/hochrheinjournal-wt.de\/?attachment_id=31222\"},{\"id\":31223,\"title\":\"Vom Korn zum Brot-68\",\"url\":\"https:\/\/hochrheinjournal-wt.de\/wp-content\/uploads\/2025\/03\/Vom-Korn-zum-Brot-68.jpg\",\"link\":\"https:\/\/hochrheinjournal-wt.de\/?attachment_id=31223\",\"alt\":\"\",\"description\":\"\",\"caption\":\"\",\"mime\":\"image\/jpeg\",\"type\":\"image\",\"width\":2000,\"height\":1333,\"sizes\":{\"thumbnail\":{\"height\":150,\"width\":150,\"url\":\"https:\/\/hochrheinjournal-wt.de\/wp-content\/uploads\/2025\/03\/Vom-Korn-zum-Brot-68-150x150.jpg\",\"orientation\":\"landscape\"},\"medium\":{\"height\":200,\"width\":300,\"url\":\"https:\/\/hochrheinjournal-wt.de\/wp-content\/uploads\/2025\/03\/Vom-Korn-zum-Brot-68-300x200.jpg\",\"orientation\":\"landscape\"},\"large\":{\"height\":682,\"width\":1024,\"url\":\"https:\/\/hochrheinjournal-wt.de\/wp-content\/uploads\/2025\/03\/Vom-Korn-zum-Brot-68-1024x682.jpg\",\"orientation\":\"landscape\"},\"full\":{\"url\":\"https:\/\/hochrheinjournal-wt.de\/wp-content\/uploads\/2025\/03\/Vom-Korn-zum-Brot-68.jpg\",\"height\":1333,\"width\":2000,\"orientation\":\"landscape\"}},\"imageMeta\":{\"aperture\":\"7.1\",\"credit\":\"\",\"camera\":\"ILCE-9M2\",\"caption\":\"\",\"created_timestamp\":\"1742641185\",\"copyright\":\"\",\"focal_length\":\"61\",\"iso\":\"800\",\"shutter_speed\":\"0.005\",\"title\":\"\",\"orientation\":\"0\",\"keywords\":[]},\"meta\":false,\"postlink\":\"https:\/\/hochrheinjournal-wt.de\/?attachment_id=31223\"},{\"id\":31224,\"title\":\"Vom Korn zum Brot-69\",\"url\":\"https:\/\/hochrheinjournal-wt.de\/wp-content\/uploads\/2025\/03\/Vom-Korn-zum-Brot-69.jpg\",\"link\":\"https:\/\/hochrheinjournal-wt.de\/?attachment_id=31224\",\"alt\":\"\",\"description\":\"\",\"caption\":\"\",\"mime\":\"image\/jpeg\",\"type\":\"image\",\"width\":2000,\"height\":1333,\"sizes\":{\"thumbnail\":{\"height\":150,\"width\":150,\"url\":\"https:\/\/hochrheinjournal-wt.de\/wp-content\/uploads\/2025\/03\/Vom-Korn-zum-Brot-69-150x150.jpg\",\"orientation\":\"landscape\"},\"medium\":{\"height\":200,\"width\":300,\"url\":\"https:\/\/hochrheinjournal-wt.de\/wp-content\/uploads\/2025\/03\/Vom-Korn-zum-Brot-69-300x200.jpg\",\"orientation\":\"landscape\"},\"large\":{\"height\":682,\"width\":1024,\"url\":\"https:\/\/hochrheinjournal-wt.de\/wp-content\/uploads\/2025\/03\/Vom-Korn-zum-Brot-69-1024x682.jpg\",\"orientation\":\"landscape\"},\"full\":{\"url\":\"https:\/\/hochrheinjournal-wt.de\/wp-content\/uploads\/2025\/03\/Vom-Korn-zum-Brot-69.jpg\",\"height\":1333,\"width\":2000,\"orientation\":\"landscape\"}},\"imageMeta\":{\"aperture\":\"7.1\",\"credit\":\"\",\"camera\":\"ILCE-9M2\",\"caption\":\"\",\"created_timestamp\":\"1742641234\",\"copyright\":\"\",\"focal_length\":\"61\",\"iso\":\"800\",\"shutter_speed\":\"0.005\",\"title\":\"\",\"orientation\":\"0\",\"keywords\":[]},\"meta\":false,\"postlink\":\"https:\/\/hochrheinjournal-wt.de\/?attachment_id=31224\"},{\"id\":31225,\"title\":\"Vom Korn zum Brot-70\",\"url\":\"https:\/\/hochrheinjournal-wt.de\/wp-content\/uploads\/2025\/03\/Vom-Korn-zum-Brot-70.jpg\",\"link\":\"https:\/\/hochrheinjournal-wt.de\/?attachment_id=31225\",\"alt\":\"\",\"description\":\"\",\"caption\":\"\",\"mime\":\"image\/jpeg\",\"type\":\"image\",\"width\":2000,\"height\":1333,\"sizes\":{\"thumbnail\":{\"height\":150,\"width\":150,\"url\":\"https:\/\/hochrheinjournal-wt.de\/wp-content\/uploads\/2025\/03\/Vom-Korn-zum-Brot-70-150x150.jpg\",\"orientation\":\"landscape\"},\"medium\":{\"height\":200,\"width\":300,\"url\":\"https:\/\/hochrheinjournal-wt.de\/wp-content\/uploads\/2025\/03\/Vom-Korn-zum-Brot-70-300x200.jpg\",\"orientation\":\"landscape\"},\"large\":{\"height\":682,\"width\":1024,\"url\":\"https:\/\/hochrheinjournal-wt.de\/wp-content\/uploads\/2025\/03\/Vom-Korn-zum-Brot-70-1024x682.jpg\",\"orientation\":\"landscape\"},\"full\":{\"url\":\"https:\/\/hochrheinjournal-wt.de\/wp-content\/uploads\/2025\/03\/Vom-Korn-zum-Brot-70.jpg\",\"height\":1333,\"width\":2000,\"orientation\":\"landscape\"}},\"imageMeta\":{\"aperture\":\"3.5\",\"credit\":\"\",\"camera\":\"ILCE-9M2\",\"caption\":\"\",\"created_timestamp\":\"1742641297\",\"copyright\":\"\",\"focal_length\":\"37\",\"iso\":\"160\",\"shutter_speed\":\"0.00125\",\"title\":\"\",\"orientation\":\"0\",\"keywords\":[]},\"meta\":false,\"postlink\":\"https:\/\/hochrheinjournal-wt.de\/?attachment_id=31225\"},{\"id\":31226,\"title\":\"Vom Korn zum Brot-71\",\"url\":\"https:\/\/hochrheinjournal-wt.de\/wp-content\/uploads\/2025\/03\/Vom-Korn-zum-Brot-71.jpg\",\"link\":\"https:\/\/hochrheinjournal-wt.de\/?attachment_id=31226\",\"alt\":\"\",\"description\":\"\",\"caption\":\"\",\"mime\":\"image\/jpeg\",\"type\":\"image\",\"width\":2000,\"height\":1333,\"sizes\":{\"thumbnail\":{\"height\":150,\"width\":150,\"url\":\"https:\/\/hochrheinjournal-wt.de\/wp-content\/uploads\/2025\/03\/Vom-Korn-zum-Brot-71-150x150.jpg\",\"orientation\":\"landscape\"},\"medium\":{\"height\":200,\"width\":300,\"url\":\"https:\/\/hochrheinjournal-wt.de\/wp-content\/uploads\/2025\/03\/Vom-Korn-zum-Brot-71-300x200.jpg\",\"orientation\":\"landscape\"},\"large\":{\"height\":682,\"width\":1024,\"url\":\"https:\/\/hochrheinjournal-wt.de\/wp-content\/uploads\/2025\/03\/Vom-Korn-zum-Brot-71-1024x682.jpg\",\"orientation\":\"landscape\"},\"full\":{\"url\":\"https:\/\/hochrheinjournal-wt.de\/wp-content\/uploads\/2025\/03\/Vom-Korn-zum-Brot-71.jpg\",\"height\":1333,\"width\":2000,\"orientation\":\"landscape\"}},\"imageMeta\":{\"aperture\":\"8\",\"credit\":\"\",\"camera\":\"ILCE-9M2\",\"caption\":\"\",\"created_timestamp\":\"1742641398\",\"copyright\":\"\",\"focal_length\":\"34\",\"iso\":\"800\",\"shutter_speed\":\"0.00625\",\"title\":\"\",\"orientation\":\"0\",\"keywords\":[]},\"meta\":false,\"postlink\":\"https:\/\/hochrheinjournal-wt.de\/?attachment_id=31226\"},{\"id\":31227,\"title\":\"Vom Korn zum Brot-72\",\"url\":\"https:\/\/hochrheinjournal-wt.de\/wp-content\/uploads\/2025\/03\/Vom-Korn-zum-Brot-72.jpg\",\"link\":\"https:\/\/hochrheinjournal-wt.de\/?attachment_id=31227\",\"alt\":\"\",\"description\":\"\",\"caption\":\"\",\"mime\":\"image\/jpeg\",\"type\":\"image\",\"width\":2000,\"height\":1333,\"sizes\":{\"thumbnail\":{\"height\":150,\"width\":150,\"url\":\"https:\/\/hochrheinjournal-wt.de\/wp-content\/uploads\/2025\/03\/Vom-Korn-zum-Brot-72-150x150.jpg\",\"orientation\":\"landscape\"},\"medium\":{\"height\":200,\"width\":300,\"url\":\"https:\/\/hochrheinjournal-wt.de\/wp-content\/uploads\/2025\/03\/Vom-Korn-zum-Brot-72-300x200.jpg\",\"orientation\":\"landscape\"},\"large\":{\"height\":682,\"width\":1024,\"url\":\"https:\/\/hochrheinjournal-wt.de\/wp-content\/uploads\/2025\/03\/Vom-Korn-zum-Brot-72-1024x682.jpg\",\"orientation\":\"landscape\"},\"full\":{\"url\":\"https:\/\/hochrheinjournal-wt.de\/wp-content\/uploads\/2025\/03\/Vom-Korn-zum-Brot-72.jpg\",\"height\":1333,\"width\":2000,\"orientation\":\"landscape\"}},\"imageMeta\":{\"aperture\":\"8\",\"credit\":\"\",\"camera\":\"ILCE-9M2\",\"caption\":\"\",\"created_timestamp\":\"1742641457\",\"copyright\":\"\",\"focal_length\":\"24\",\"iso\":\"800\",\"shutter_speed\":\"0.00625\",\"title\":\"\",\"orientation\":\"0\",\"keywords\":[]},\"meta\":false,\"postlink\":\"https:\/\/hochrheinjournal-wt.de\/?attachment_id=31227\"},{\"id\":31228,\"title\":\"Vom Korn zum Brot-73\",\"url\":\"https:\/\/hochrheinjournal-wt.de\/wp-content\/uploads\/2025\/03\/Vom-Korn-zum-Brot-73.jpg\",\"link\":\"https:\/\/hochrheinjournal-wt.de\/?attachment_id=31228\",\"alt\":\"\",\"description\":\"\",\"caption\":\"\",\"mime\":\"image\/jpeg\",\"type\":\"image\",\"width\":2000,\"height\":1333,\"sizes\":{\"thumbnail\":{\"height\":150,\"width\":150,\"url\":\"https:\/\/hochrheinjournal-wt.de\/wp-content\/uploads\/2025\/03\/Vom-Korn-zum-Brot-73-150x150.jpg\",\"orientation\":\"landscape\"},\"medium\":{\"height\":200,\"width\":300,\"url\":\"https:\/\/hochrheinjournal-wt.de\/wp-content\/uploads\/2025\/03\/Vom-Korn-zum-Brot-73-300x200.jpg\",\"orientation\":\"landscape\"},\"large\":{\"height\":682,\"width\":1024,\"url\":\"https:\/\/hochrheinjournal-wt.de\/wp-content\/uploads\/2025\/03\/Vom-Korn-zum-Brot-73-1024x682.jpg\",\"orientation\":\"landscape\"},\"full\":{\"url\":\"https:\/\/hochrheinjournal-wt.de\/wp-content\/uploads\/2025\/03\/Vom-Korn-zum-Brot-73.jpg\",\"height\":1333,\"width\":2000,\"orientation\":\"landscape\"}},\"imageMeta\":{\"aperture\":\"8\",\"credit\":\"\",\"camera\":\"ILCE-9M2\",\"caption\":\"\",\"created_timestamp\":\"1742641459\",\"copyright\":\"\",\"focal_length\":\"24\",\"iso\":\"800\",\"shutter_speed\":\"0.00625\",\"title\":\"\",\"orientation\":\"0\",\"keywords\":[]},\"meta\":false,\"postlink\":\"https:\/\/hochrheinjournal-wt.de\/?attachment_id=31228\"},{\"id\":31229,\"title\":\"Vom Korn zum Brot-74\",\"url\":\"https:\/\/hochrheinjournal-wt.de\/wp-content\/uploads\/2025\/03\/Vom-Korn-zum-Brot-74.jpg\",\"link\":\"https:\/\/hochrheinjournal-wt.de\/?attachment_id=31229\",\"alt\":\"\",\"description\":\"\",\"caption\":\"\",\"mime\":\"image\/jpeg\",\"type\":\"image\",\"width\":2000,\"height\":1333,\"sizes\":{\"thumbnail\":{\"height\":150,\"width\":150,\"url\":\"https:\/\/hochrheinjournal-wt.de\/wp-content\/uploads\/2025\/03\/Vom-Korn-zum-Brot-74-150x150.jpg\",\"orientation\":\"landscape\"},\"medium\":{\"height\":200,\"width\":300,\"url\":\"https:\/\/hochrheinjournal-wt.de\/wp-content\/uploads\/2025\/03\/Vom-Korn-zum-Brot-74-300x200.jpg\",\"orientation\":\"landscape\"},\"large\":{\"height\":682,\"width\":1024,\"url\":\"https:\/\/hochrheinjournal-wt.de\/wp-content\/uploads\/2025\/03\/Vom-Korn-zum-Brot-74-1024x682.jpg\",\"orientation\":\"landscape\"},\"full\":{\"url\":\"https:\/\/hochrheinjournal-wt.de\/wp-content\/uploads\/2025\/03\/Vom-Korn-zum-Brot-74.jpg\",\"height\":1333,\"width\":2000,\"orientation\":\"landscape\"}},\"imageMeta\":{\"aperture\":\"8\",\"credit\":\"\",\"camera\":\"ILCE-9M2\",\"caption\":\"\",\"created_timestamp\":\"1742641520\",\"copyright\":\"\",\"focal_length\":\"33\",\"iso\":\"800\",\"shutter_speed\":\"0.00625\",\"title\":\"\",\"orientation\":\"0\",\"keywords\":[]},\"meta\":false,\"postlink\":\"https:\/\/hochrheinjournal-wt.de\/?attachment_id=31229\"},{\"id\":31230,\"title\":\"Vom Korn zum Brot-75\",\"url\":\"https:\/\/hochrheinjournal-wt.de\/wp-content\/uploads\/2025\/03\/Vom-Korn-zum-Brot-75.jpg\",\"link\":\"https:\/\/hochrheinjournal-wt.de\/?attachment_id=31230\",\"alt\":\"\",\"description\":\"\",\"caption\":\"\",\"mime\":\"image\/jpeg\",\"type\":\"image\",\"width\":2000,\"height\":1333,\"sizes\":{\"thumbnail\":{\"height\":150,\"width\":150,\"url\":\"https:\/\/hochrheinjournal-wt.de\/wp-content\/uploads\/2025\/03\/Vom-Korn-zum-Brot-75-150x150.jpg\",\"orientation\":\"landscape\"},\"medium\":{\"height\":200,\"width\":300,\"url\":\"https:\/\/hochrheinjournal-wt.de\/wp-content\/uploads\/2025\/03\/Vom-Korn-zum-Brot-75-300x200.jpg\",\"orientation\":\"landscape\"},\"large\":{\"height\":682,\"width\":1024,\"url\":\"https:\/\/hochrheinjournal-wt.de\/wp-content\/uploads\/2025\/03\/Vom-Korn-zum-Brot-75-1024x682.jpg\",\"orientation\":\"landscape\"},\"full\":{\"url\":\"https:\/\/hochrheinjournal-wt.de\/wp-content\/uploads\/2025\/03\/Vom-Korn-zum-Brot-75.jpg\",\"height\":1333,\"width\":2000,\"orientation\":\"landscape\"}},\"imageMeta\":{\"aperture\":\"9\",\"credit\":\"\",\"camera\":\"ILCE-9M2\",\"caption\":\"\",\"created_timestamp\":\"1742641620\",\"copyright\":\"\",\"focal_length\":\"28\",\"iso\":\"800\",\"shutter_speed\":\"0.00625\",\"title\":\"\",\"orientation\":\"0\",\"keywords\":[]},\"meta\":false,\"postlink\":\"https:\/\/hochrheinjournal-wt.de\/?attachment_id=31230\"},{\"id\":31231,\"title\":\"Vom Korn zum Brot-76\",\"url\":\"https:\/\/hochrheinjournal-wt.de\/wp-content\/uploads\/2025\/03\/Vom-Korn-zum-Brot-76.jpg\",\"link\":\"https:\/\/hochrheinjournal-wt.de\/?attachment_id=31231\",\"alt\":\"\",\"description\":\"\",\"caption\":\"\",\"mime\":\"image\/jpeg\",\"type\":\"image\",\"width\":2000,\"height\":1333,\"sizes\":{\"thumbnail\":{\"height\":150,\"width\":150,\"url\":\"https:\/\/hochrheinjournal-wt.de\/wp-content\/uploads\/2025\/03\/Vom-Korn-zum-Brot-76-150x150.jpg\",\"orientation\":\"landscape\"},\"medium\":{\"height\":200,\"width\":300,\"url\":\"https:\/\/hochrheinjournal-wt.de\/wp-content\/uploads\/2025\/03\/Vom-Korn-zum-Brot-76-300x200.jpg\",\"orientation\":\"landscape\"},\"large\":{\"height\":682,\"width\":1024,\"url\":\"https:\/\/hochrheinjournal-wt.de\/wp-content\/uploads\/2025\/03\/Vom-Korn-zum-Brot-76-1024x682.jpg\",\"orientation\":\"landscape\"},\"full\":{\"url\":\"https:\/\/hochrheinjournal-wt.de\/wp-content\/uploads\/2025\/03\/Vom-Korn-zum-Brot-76.jpg\",\"height\":1333,\"width\":2000,\"orientation\":\"landscape\"}},\"imageMeta\":{\"aperture\":\"9\",\"credit\":\"\",\"camera\":\"ILCE-9M2\",\"caption\":\"\",\"created_timestamp\":\"1742641691\",\"copyright\":\"\",\"focal_length\":\"30\",\"iso\":\"800\",\"shutter_speed\":\"0.00625\",\"title\":\"\",\"orientation\":\"0\",\"keywords\":[]},\"meta\":false,\"postlink\":\"https:\/\/hochrheinjournal-wt.de\/?attachment_id=31231\"},{\"id\":31232,\"title\":\"Vom Korn zum Brot-77\",\"url\":\"https:\/\/hochrheinjournal-wt.de\/wp-content\/uploads\/2025\/03\/Vom-Korn-zum-Brot-77.jpg\",\"link\":\"https:\/\/hochrheinjournal-wt.de\/?attachment_id=31232\",\"alt\":\"\",\"description\":\"\",\"caption\":\"\",\"mime\":\"image\/jpeg\",\"type\":\"image\",\"width\":2000,\"height\":1333,\"sizes\":{\"thumbnail\":{\"height\":150,\"width\":150,\"url\":\"https:\/\/hochrheinjournal-wt.de\/wp-content\/uploads\/2025\/03\/Vom-Korn-zum-Brot-77-150x150.jpg\",\"orientation\":\"landscape\"},\"medium\":{\"height\":200,\"width\":300,\"url\":\"https:\/\/hochrheinjournal-wt.de\/wp-content\/uploads\/2025\/03\/Vom-Korn-zum-Brot-77-300x200.jpg\",\"orientation\":\"landscape\"},\"large\":{\"height\":682,\"width\":1024,\"url\":\"https:\/\/hochrheinjournal-wt.de\/wp-content\/uploads\/2025\/03\/Vom-Korn-zum-Brot-77-1024x682.jpg\",\"orientation\":\"landscape\"},\"full\":{\"url\":\"https:\/\/hochrheinjournal-wt.de\/wp-content\/uploads\/2025\/03\/Vom-Korn-zum-Brot-77.jpg\",\"height\":1333,\"width\":2000,\"orientation\":\"landscape\"}},\"imageMeta\":{\"aperture\":\"6.3\",\"credit\":\"\",\"camera\":\"ILCE-9M2\",\"caption\":\"\",\"created_timestamp\":\"1742641800\",\"copyright\":\"\",\"focal_length\":\"30\",\"iso\":\"800\",\"shutter_speed\":\"0.00625\",\"title\":\"\",\"orientation\":\"0\",\"keywords\":[]},\"meta\":false,\"postlink\":\"https:\/\/hochrheinjournal-wt.de\/?attachment_id=31232\"},{\"id\":31233,\"title\":\"Vom Korn zum Brot-78\",\"url\":\"https:\/\/hochrheinjournal-wt.de\/wp-content\/uploads\/2025\/03\/Vom-Korn-zum-Brot-78.jpg\",\"link\":\"https:\/\/hochrheinjournal-wt.de\/?attachment_id=31233\",\"alt\":\"\",\"description\":\"\",\"caption\":\"\",\"mime\":\"image\/jpeg\",\"type\":\"image\",\"width\":2000,\"height\":1333,\"sizes\":{\"thumbnail\":{\"height\":150,\"width\":150,\"url\":\"https:\/\/hochrheinjournal-wt.de\/wp-content\/uploads\/2025\/03\/Vom-Korn-zum-Brot-78-150x150.jpg\",\"orientation\":\"landscape\"},\"medium\":{\"height\":200,\"width\":300,\"url\":\"https:\/\/hochrheinjournal-wt.de\/wp-content\/uploads\/2025\/03\/Vom-Korn-zum-Brot-78-300x200.jpg\",\"orientation\":\"landscape\"},\"large\":{\"height\":682,\"width\":1024,\"url\":\"https:\/\/hochrheinjournal-wt.de\/wp-content\/uploads\/2025\/03\/Vom-Korn-zum-Brot-78-1024x682.jpg\",\"orientation\":\"landscape\"},\"full\":{\"url\":\"https:\/\/hochrheinjournal-wt.de\/wp-content\/uploads\/2025\/03\/Vom-Korn-zum-Brot-78.jpg\",\"height\":1333,\"width\":2000,\"orientation\":\"landscape\"}},\"imageMeta\":{\"aperture\":\"7.1\",\"credit\":\"\",\"camera\":\"ILCE-9M2\",\"caption\":\"\",\"created_timestamp\":\"1742641837\",\"copyright\":\"\",\"focal_length\":\"52\",\"iso\":\"1250\",\"shutter_speed\":\"0.00625\",\"title\":\"\",\"orientation\":\"0\",\"keywords\":[]},\"meta\":false,\"postlink\":\"https:\/\/hochrheinjournal-wt.de\/?attachment_id=31233\"},{\"id\":31234,\"title\":\"Vom Korn zum Brot-79\",\"url\":\"https:\/\/hochrheinjournal-wt.de\/wp-content\/uploads\/2025\/03\/Vom-Korn-zum-Brot-79.jpg\",\"link\":\"https:\/\/hochrheinjournal-wt.de\/?attachment_id=31234\",\"alt\":\"\",\"description\":\"\",\"caption\":\"\",\"mime\":\"image\/jpeg\",\"type\":\"image\",\"width\":2000,\"height\":1333,\"sizes\":{\"thumbnail\":{\"height\":150,\"width\":150,\"url\":\"https:\/\/hochrheinjournal-wt.de\/wp-content\/uploads\/2025\/03\/Vom-Korn-zum-Brot-79-150x150.jpg\",\"orientation\":\"landscape\"},\"medium\":{\"height\":200,\"width\":300,\"url\":\"https:\/\/hochrheinjournal-wt.de\/wp-content\/uploads\/2025\/03\/Vom-Korn-zum-Brot-79-300x200.jpg\",\"orientation\":\"landscape\"},\"large\":{\"height\":682,\"width\":1024,\"url\":\"https:\/\/hochrheinjournal-wt.de\/wp-content\/uploads\/2025\/03\/Vom-Korn-zum-Brot-79-1024x682.jpg\",\"orientation\":\"landscape\"},\"full\":{\"url\":\"https:\/\/hochrheinjournal-wt.de\/wp-content\/uploads\/2025\/03\/Vom-Korn-zum-Brot-79.jpg\",\"height\":1333,\"width\":2000,\"orientation\":\"landscape\"}},\"imageMeta\":{\"aperture\":\"8\",\"credit\":\"\",\"camera\":\"ILCE-9M2\",\"caption\":\"\",\"created_timestamp\":\"1742642160\",\"copyright\":\"\",\"focal_length\":\"29\",\"iso\":\"250\",\"shutter_speed\":\"0.005\",\"title\":\"\",\"orientation\":\"0\",\"keywords\":[]},\"meta\":false,\"postlink\":\"https:\/\/hochrheinjournal-wt.de\/?attachment_id=31234\"},{\"id\":31235,\"title\":\"Vom Korn zum Brot-80\",\"url\":\"https:\/\/hochrheinjournal-wt.de\/wp-content\/uploads\/2025\/03\/Vom-Korn-zum-Brot-80.jpg\",\"link\":\"https:\/\/hochrheinjournal-wt.de\/?attachment_id=31235\",\"alt\":\"\",\"description\":\"\",\"caption\":\"\",\"mime\":\"image\/jpeg\",\"type\":\"image\",\"width\":2000,\"height\":1333,\"sizes\":{\"thumbnail\":{\"height\":150,\"width\":150,\"url\":\"https:\/\/hochrheinjournal-wt.de\/wp-content\/uploads\/2025\/03\/Vom-Korn-zum-Brot-80-150x150.jpg\",\"orientation\":\"landscape\"},\"medium\":{\"height\":200,\"width\":300,\"url\":\"https:\/\/hochrheinjournal-wt.de\/wp-content\/uploads\/2025\/03\/Vom-Korn-zum-Brot-80-300x200.jpg\",\"orientation\":\"landscape\"},\"large\":{\"height\":682,\"width\":1024,\"url\":\"https:\/\/hochrheinjournal-wt.de\/wp-content\/uploads\/2025\/03\/Vom-Korn-zum-Brot-80-1024x682.jpg\",\"orientation\":\"landscape\"},\"full\":{\"url\":\"https:\/\/hochrheinjournal-wt.de\/wp-content\/uploads\/2025\/03\/Vom-Korn-zum-Brot-80.jpg\",\"height\":1333,\"width\":2000,\"orientation\":\"landscape\"}},\"imageMeta\":{\"aperture\":\"10\",\"credit\":\"\",\"camera\":\"ILCE-9M2\",\"caption\":\"\",\"created_timestamp\":\"1742642193\",\"copyright\":\"\",\"focal_length\":\"24\",\"iso\":\"250\",\"shutter_speed\":\"0.005\",\"title\":\"\",\"orientation\":\"0\",\"keywords\":[]},\"meta\":false,\"postlink\":\"https:\/\/hochrheinjournal-wt.de\/?attachment_id=31235\"},{\"id\":31236,\"title\":\"Vom Korn zum Brot-81\",\"url\":\"https:\/\/hochrheinjournal-wt.de\/wp-content\/uploads\/2025\/03\/Vom-Korn-zum-Brot-81.jpg\",\"link\":\"https:\/\/hochrheinjournal-wt.de\/?attachment_id=31236\",\"alt\":\"\",\"description\":\"\",\"caption\":\"\",\"mime\":\"image\/jpeg\",\"type\":\"image\",\"width\":2000,\"height\":1333,\"sizes\":{\"thumbnail\":{\"height\":150,\"width\":150,\"url\":\"https:\/\/hochrheinjournal-wt.de\/wp-content\/uploads\/2025\/03\/Vom-Korn-zum-Brot-81-150x150.jpg\",\"orientation\":\"landscape\"},\"medium\":{\"height\":200,\"width\":300,\"url\":\"https:\/\/hochrheinjournal-wt.de\/wp-content\/uploads\/2025\/03\/Vom-Korn-zum-Brot-81-300x200.jpg\",\"orientation\":\"landscape\"},\"large\":{\"height\":682,\"width\":1024,\"url\":\"https:\/\/hochrheinjournal-wt.de\/wp-content\/uploads\/2025\/03\/Vom-Korn-zum-Brot-81-1024x682.jpg\",\"orientation\":\"landscape\"},\"full\":{\"url\":\"https:\/\/hochrheinjournal-wt.de\/wp-content\/uploads\/2025\/03\/Vom-Korn-zum-Brot-81.jpg\",\"height\":1333,\"width\":2000,\"orientation\":\"landscape\"}},\"imageMeta\":{\"aperture\":\"11\",\"credit\":\"\",\"camera\":\"ILCE-9M2\",\"caption\":\"\",\"created_timestamp\":\"1742642232\",\"copyright\":\"\",\"focal_length\":\"24\",\"iso\":\"250\",\"shutter_speed\":\"0.005\",\"title\":\"\",\"orientation\":\"0\",\"keywords\":[]},\"meta\":false,\"postlink\":\"https:\/\/hochrheinjournal-wt.de\/?attachment_id=31236\"},{\"id\":31237,\"title\":\"Vom Korn zum Brot-82\",\"url\":\"https:\/\/hochrheinjournal-wt.de\/wp-content\/uploads\/2025\/03\/Vom-Korn-zum-Brot-82.jpg\",\"link\":\"https:\/\/hochrheinjournal-wt.de\/?attachment_id=31237\",\"alt\":\"\",\"description\":\"\",\"caption\":\"\",\"mime\":\"image\/jpeg\",\"type\":\"image\",\"width\":2000,\"height\":1333,\"sizes\":{\"thumbnail\":{\"height\":150,\"width\":150,\"url\":\"https:\/\/hochrheinjournal-wt.de\/wp-content\/uploads\/2025\/03\/Vom-Korn-zum-Brot-82-150x150.jpg\",\"orientation\":\"landscape\"},\"medium\":{\"height\":200,\"width\":300,\"url\":\"https:\/\/hochrheinjournal-wt.de\/wp-content\/uploads\/2025\/03\/Vom-Korn-zum-Brot-82-300x200.jpg\",\"orientation\":\"landscape\"},\"large\":{\"height\":682,\"width\":1024,\"url\":\"https:\/\/hochrheinjournal-wt.de\/wp-content\/uploads\/2025\/03\/Vom-Korn-zum-Brot-82-1024x682.jpg\",\"orientation\":\"landscape\"},\"full\":{\"url\":\"https:\/\/hochrheinjournal-wt.de\/wp-content\/uploads\/2025\/03\/Vom-Korn-zum-Brot-82.jpg\",\"height\":1333,\"width\":2000,\"orientation\":\"landscape\"}},\"imageMeta\":{\"aperture\":\"11\",\"credit\":\"\",\"camera\":\"ILCE-9M2\",\"caption\":\"\",\"created_timestamp\":\"1742642447\",\"copyright\":\"\",\"focal_length\":\"37\",\"iso\":\"250\",\"shutter_speed\":\"0.005\",\"title\":\"\",\"orientation\":\"0\",\"keywords\":[]},\"meta\":false,\"postlink\":\"https:\/\/hochrheinjournal-wt.de\/?attachment_id=31237\"},{\"id\":31238,\"title\":\"Vom Korn zum Brot-83\",\"url\":\"https:\/\/hochrheinjournal-wt.de\/wp-content\/uploads\/2025\/03\/Vom-Korn-zum-Brot-83.jpg\",\"link\":\"https:\/\/hochrheinjournal-wt.de\/?attachment_id=31238\",\"alt\":\"\",\"description\":\"\",\"caption\":\"\",\"mime\":\"image\/jpeg\",\"type\":\"image\",\"width\":2000,\"height\":1333,\"sizes\":{\"thumbnail\":{\"height\":150,\"width\":150,\"url\":\"https:\/\/hochrheinjournal-wt.de\/wp-content\/uploads\/2025\/03\/Vom-Korn-zum-Brot-83-150x150.jpg\",\"orientation\":\"landscape\"},\"medium\":{\"height\":200,\"width\":300,\"url\":\"https:\/\/hochrheinjournal-wt.de\/wp-content\/uploads\/2025\/03\/Vom-Korn-zum-Brot-83-300x200.jpg\",\"orientation\":\"landscape\"},\"large\":{\"height\":682,\"width\":1024,\"url\":\"https:\/\/hochrheinjournal-wt.de\/wp-content\/uploads\/2025\/03\/Vom-Korn-zum-Brot-83-1024x682.jpg\",\"orientation\":\"landscape\"},\"full\":{\"url\":\"https:\/\/hochrheinjournal-wt.de\/wp-content\/uploads\/2025\/03\/Vom-Korn-zum-Brot-83.jpg\",\"height\":1333,\"width\":2000,\"orientation\":\"landscape\"}},\"imageMeta\":{\"aperture\":\"10\",\"credit\":\"\",\"camera\":\"ILCE-9M2\",\"caption\":\"\",\"created_timestamp\":\"1742642620\",\"copyright\":\"\",\"focal_length\":\"40\",\"iso\":\"250\",\"shutter_speed\":\"0.005\",\"title\":\"\",\"orientation\":\"0\",\"keywords\":[]},\"meta\":false,\"postlink\":\"https:\/\/hochrheinjournal-wt.de\/?attachment_id=31238\"},{\"id\":31239,\"title\":\"Vom Korn zum Brot-84\",\"url\":\"https:\/\/hochrheinjournal-wt.de\/wp-content\/uploads\/2025\/03\/Vom-Korn-zum-Brot-84.jpg\",\"link\":\"https:\/\/hochrheinjournal-wt.de\/?attachment_id=31239\",\"alt\":\"\",\"description\":\"\",\"caption\":\"\",\"mime\":\"image\/jpeg\",\"type\":\"image\",\"width\":2000,\"height\":1333,\"sizes\":{\"thumbnail\":{\"height\":150,\"width\":150,\"url\":\"https:\/\/hochrheinjournal-wt.de\/wp-content\/uploads\/2025\/03\/Vom-Korn-zum-Brot-84-150x150.jpg\",\"orientation\":\"landscape\"},\"medium\":{\"height\":200,\"width\":300,\"url\":\"https:\/\/hochrheinjournal-wt.de\/wp-content\/uploads\/2025\/03\/Vom-Korn-zum-Brot-84-300x200.jpg\",\"orientation\":\"landscape\"},\"large\":{\"height\":682,\"width\":1024,\"url\":\"https:\/\/hochrheinjournal-wt.de\/wp-content\/uploads\/2025\/03\/Vom-Korn-zum-Brot-84-1024x682.jpg\",\"orientation\":\"landscape\"},\"full\":{\"url\":\"https:\/\/hochrheinjournal-wt.de\/wp-content\/uploads\/2025\/03\/Vom-Korn-zum-Brot-84.jpg\",\"height\":1333,\"width\":2000,\"orientation\":\"landscape\"}},\"imageMeta\":{\"aperture\":\"10\",\"credit\":\"\",\"camera\":\"ILCE-9M2\",\"caption\":\"\",\"created_timestamp\":\"1742642671\",\"copyright\":\"\",\"focal_length\":\"24\",\"iso\":\"250\",\"shutter_speed\":\"0.005\",\"title\":\"\",\"orientation\":\"0\",\"keywords\":[]},\"meta\":false,\"postlink\":\"https:\/\/hochrheinjournal-wt.de\/?attachment_id=31239\"},{\"id\":31240,\"title\":\"Vom Korn zum Brot-85\",\"url\":\"https:\/\/hochrheinjournal-wt.de\/wp-content\/uploads\/2025\/03\/Vom-Korn-zum-Brot-85.jpg\",\"link\":\"https:\/\/hochrheinjournal-wt.de\/?attachment_id=31240\",\"alt\":\"\",\"description\":\"\",\"caption\":\"\",\"mime\":\"image\/jpeg\",\"type\":\"image\",\"width\":2000,\"height\":1333,\"sizes\":{\"thumbnail\":{\"height\":150,\"width\":150,\"url\":\"https:\/\/hochrheinjournal-wt.de\/wp-content\/uploads\/2025\/03\/Vom-Korn-zum-Brot-85-150x150.jpg\",\"orientation\":\"landscape\"},\"medium\":{\"height\":200,\"width\":300,\"url\":\"https:\/\/hochrheinjournal-wt.de\/wp-content\/uploads\/2025\/03\/Vom-Korn-zum-Brot-85-300x200.jpg\",\"orientation\":\"landscape\"},\"large\":{\"height\":682,\"width\":1024,\"url\":\"https:\/\/hochrheinjournal-wt.de\/wp-content\/uploads\/2025\/03\/Vom-Korn-zum-Brot-85-1024x682.jpg\",\"orientation\":\"landscape\"},\"full\":{\"url\":\"https:\/\/hochrheinjournal-wt.de\/wp-content\/uploads\/2025\/03\/Vom-Korn-zum-Brot-85.jpg\",\"height\":1333,\"width\":2000,\"orientation\":\"landscape\"}},\"imageMeta\":{\"aperture\":\"18\",\"credit\":\"\",\"camera\":\"ILCE-9M2\",\"caption\":\"\",\"created_timestamp\":\"1742642772\",\"copyright\":\"\",\"focal_length\":\"24\",\"iso\":\"250\",\"shutter_speed\":\"0.005\",\"title\":\"\",\"orientation\":\"0\",\"keywords\":[]},\"meta\":false,\"postlink\":\"https:\/\/hochrheinjournal-wt.de\/?attachment_id=31240\"},{\"id\":31241,\"title\":\"Vom Korn zum Brot-86\",\"url\":\"https:\/\/hochrheinjournal-wt.de\/wp-content\/uploads\/2025\/03\/Vom-Korn-zum-Brot-86.jpg\",\"link\":\"https:\/\/hochrheinjournal-wt.de\/?attachment_id=31241\",\"alt\":\"\",\"description\":\"\",\"caption\":\"\",\"mime\":\"image\/jpeg\",\"type\":\"image\",\"width\":2000,\"height\":1333,\"sizes\":{\"thumbnail\":{\"height\":150,\"width\":150,\"url\":\"https:\/\/hochrheinjournal-wt.de\/wp-content\/uploads\/2025\/03\/Vom-Korn-zum-Brot-86-150x150.jpg\",\"orientation\":\"landscape\"},\"medium\":{\"height\":200,\"width\":300,\"url\":\"https:\/\/hochrheinjournal-wt.de\/wp-content\/uploads\/2025\/03\/Vom-Korn-zum-Brot-86-300x200.jpg\",\"orientation\":\"landscape\"},\"large\":{\"height\":682,\"width\":1024,\"url\":\"https:\/\/hochrheinjournal-wt.de\/wp-content\/uploads\/2025\/03\/Vom-Korn-zum-Brot-86-1024x682.jpg\",\"orientation\":\"landscape\"},\"full\":{\"url\":\"https:\/\/hochrheinjournal-wt.de\/wp-content\/uploads\/2025\/03\/Vom-Korn-zum-Brot-86.jpg\",\"height\":1333,\"width\":2000,\"orientation\":\"landscape\"}},\"imageMeta\":{\"aperture\":\"18\",\"credit\":\"\",\"camera\":\"ILCE-9M2\",\"caption\":\"\",\"created_timestamp\":\"1742642896\",\"copyright\":\"\",\"focal_length\":\"24\",\"iso\":\"250\",\"shutter_speed\":\"0.005\",\"title\":\"\",\"orientation\":\"0\",\"keywords\":[]},\"meta\":false,\"postlink\":\"https:\/\/hochrheinjournal-wt.de\/?attachment_id=31241\"},{\"id\":31242,\"title\":\"Vom Korn zum Brot-87\",\"url\":\"https:\/\/hochrheinjournal-wt.de\/wp-content\/uploads\/2025\/03\/Vom-Korn-zum-Brot-87.jpg\",\"link\":\"https:\/\/hochrheinjournal-wt.de\/?attachment_id=31242\",\"alt\":\"\",\"description\":\"\",\"caption\":\"\",\"mime\":\"image\/jpeg\",\"type\":\"image\",\"width\":2000,\"height\":1333,\"sizes\":{\"thumbnail\":{\"height\":150,\"width\":150,\"url\":\"https:\/\/hochrheinjournal-wt.de\/wp-content\/uploads\/2025\/03\/Vom-Korn-zum-Brot-87-150x150.jpg\",\"orientation\":\"landscape\"},\"medium\":{\"height\":200,\"width\":300,\"url\":\"https:\/\/hochrheinjournal-wt.de\/wp-content\/uploads\/2025\/03\/Vom-Korn-zum-Brot-87-300x200.jpg\",\"orientation\":\"landscape\"},\"large\":{\"height\":682,\"width\":1024,\"url\":\"https:\/\/hochrheinjournal-wt.de\/wp-content\/uploads\/2025\/03\/Vom-Korn-zum-Brot-87-1024x682.jpg\",\"orientation\":\"landscape\"},\"full\":{\"url\":\"https:\/\/hochrheinjournal-wt.de\/wp-content\/uploads\/2025\/03\/Vom-Korn-zum-Brot-87.jpg\",\"height\":1333,\"width\":2000,\"orientation\":\"landscape\"}},\"imageMeta\":{\"aperture\":\"5.6\",\"credit\":\"\",\"camera\":\"ILCE-9M2\",\"caption\":\"\",\"created_timestamp\":\"1742643283\",\"copyright\":\"\",\"focal_length\":\"38\",\"iso\":\"1600\",\"shutter_speed\":\"0.005\",\"title\":\"\",\"orientation\":\"0\",\"keywords\":[]},\"meta\":false,\"postlink\":\"https:\/\/hochrheinjournal-wt.de\/?attachment_id=31242\"},{\"id\":31243,\"title\":\"Vom Korn zum Brot-88\",\"url\":\"https:\/\/hochrheinjournal-wt.de\/wp-content\/uploads\/2025\/03\/Vom-Korn-zum-Brot-88.jpg\",\"link\":\"https:\/\/hochrheinjournal-wt.de\/?attachment_id=31243\",\"alt\":\"\",\"description\":\"\",\"caption\":\"\",\"mime\":\"image\/jpeg\",\"type\":\"image\",\"width\":2000,\"height\":1333,\"sizes\":{\"thumbnail\":{\"height\":150,\"width\":150,\"url\":\"https:\/\/hochrheinjournal-wt.de\/wp-content\/uploads\/2025\/03\/Vom-Korn-zum-Brot-88-150x150.jpg\",\"orientation\":\"landscape\"},\"medium\":{\"height\":200,\"width\":300,\"url\":\"https:\/\/hochrheinjournal-wt.de\/wp-content\/uploads\/2025\/03\/Vom-Korn-zum-Brot-88-300x200.jpg\",\"orientation\":\"landscape\"},\"large\":{\"height\":682,\"width\":1024,\"url\":\"https:\/\/hochrheinjournal-wt.de\/wp-content\/uploads\/2025\/03\/Vom-Korn-zum-Brot-88-1024x682.jpg\",\"orientation\":\"landscape\"},\"full\":{\"url\":\"https:\/\/hochrheinjournal-wt.de\/wp-content\/uploads\/2025\/03\/Vom-Korn-zum-Brot-88.jpg\",\"height\":1333,\"width\":2000,\"orientation\":\"landscape\"}},\"imageMeta\":{\"aperture\":\"5.6\",\"credit\":\"\",\"camera\":\"ILCE-9M2\",\"caption\":\"\",\"created_timestamp\":\"1742643385\",\"copyright\":\"\",\"focal_length\":\"34\",\"iso\":\"1600\",\"shutter_speed\":\"0.005\",\"title\":\"\",\"orientation\":\"0\",\"keywords\":[]},\"meta\":false,\"postlink\":\"https:\/\/hochrheinjournal-wt.de\/?attachment_id=31243\"},{\"id\":31244,\"title\":\"Vom Korn zum Brot-89\",\"url\":\"https:\/\/hochrheinjournal-wt.de\/wp-content\/uploads\/2025\/03\/Vom-Korn-zum-Brot-89.jpg\",\"link\":\"https:\/\/hochrheinjournal-wt.de\/?attachment_id=31244\",\"alt\":\"\",\"description\":\"\",\"caption\":\"\",\"mime\":\"image\/jpeg\",\"type\":\"image\",\"width\":2000,\"height\":1333,\"sizes\":{\"thumbnail\":{\"height\":150,\"width\":150,\"url\":\"https:\/\/hochrheinjournal-wt.de\/wp-content\/uploads\/2025\/03\/Vom-Korn-zum-Brot-89-150x150.jpg\",\"orientation\":\"landscape\"},\"medium\":{\"height\":200,\"width\":300,\"url\":\"https:\/\/hochrheinjournal-wt.de\/wp-content\/uploads\/2025\/03\/Vom-Korn-zum-Brot-89-300x200.jpg\",\"orientation\":\"landscape\"},\"large\":{\"height\":682,\"width\":1024,\"url\":\"https:\/\/hochrheinjournal-wt.de\/wp-content\/uploads\/2025\/03\/Vom-Korn-zum-Brot-89-1024x682.jpg\",\"orientation\":\"landscape\"},\"full\":{\"url\":\"https:\/\/hochrheinjournal-wt.de\/wp-content\/uploads\/2025\/03\/Vom-Korn-zum-Brot-89.jpg\",\"height\":1333,\"width\":2000,\"orientation\":\"landscape\"}},\"imageMeta\":{\"aperture\":\"5.6\",\"credit\":\"\",\"camera\":\"ILCE-9M2\",\"caption\":\"\",\"created_timestamp\":\"1742643388\",\"copyright\":\"\",\"focal_length\":\"34\",\"iso\":\"1600\",\"shutter_speed\":\"0.005\",\"title\":\"\",\"orientation\":\"0\",\"keywords\":[]},\"meta\":false,\"postlink\":\"https:\/\/hochrheinjournal-wt.de\/?attachment_id=31244\"},{\"id\":31245,\"title\":\"Vom Korn zum Brot-90\",\"url\":\"https:\/\/hochrheinjournal-wt.de\/wp-content\/uploads\/2025\/03\/Vom-Korn-zum-Brot-90.jpg\",\"link\":\"https:\/\/hochrheinjournal-wt.de\/?attachment_id=31245\",\"alt\":\"\",\"description\":\"\",\"caption\":\"\",\"mime\":\"image\/jpeg\",\"type\":\"image\",\"width\":2000,\"height\":1333,\"sizes\":{\"thumbnail\":{\"height\":150,\"width\":150,\"url\":\"https:\/\/hochrheinjournal-wt.de\/wp-content\/uploads\/2025\/03\/Vom-Korn-zum-Brot-90-150x150.jpg\",\"orientation\":\"landscape\"},\"medium\":{\"height\":200,\"width\":300,\"url\":\"https:\/\/hochrheinjournal-wt.de\/wp-content\/uploads\/2025\/03\/Vom-Korn-zum-Brot-90-300x200.jpg\",\"orientation\":\"landscape\"},\"large\":{\"height\":682,\"width\":1024,\"url\":\"https:\/\/hochrheinjournal-wt.de\/wp-content\/uploads\/2025\/03\/Vom-Korn-zum-Brot-90-1024x682.jpg\",\"orientation\":\"landscape\"},\"full\":{\"url\":\"https:\/\/hochrheinjournal-wt.de\/wp-content\/uploads\/2025\/03\/Vom-Korn-zum-Brot-90.jpg\",\"height\":1333,\"width\":2000,\"orientation\":\"landscape\"}},\"imageMeta\":{\"aperture\":\"8\",\"credit\":\"\",\"camera\":\"ILCE-9M2\",\"caption\":\"\",\"created_timestamp\":\"1742644175\",\"copyright\":\"\",\"focal_length\":\"64\",\"iso\":\"2500\",\"shutter_speed\":\"0.005\",\"title\":\"\",\"orientation\":\"0\",\"keywords\":[]},\"meta\":false,\"postlink\":\"https:\/\/hochrheinjournal-wt.de\/?attachment_id=31245\"},{\"id\":31246,\"title\":\"Vom Korn zum Brot-91\",\"url\":\"https:\/\/hochrheinjournal-wt.de\/wp-content\/uploads\/2025\/03\/Vom-Korn-zum-Brot-91.jpg\",\"link\":\"https:\/\/hochrheinjournal-wt.de\/?attachment_id=31246\",\"alt\":\"\",\"description\":\"\",\"caption\":\"\",\"mime\":\"image\/jpeg\",\"type\":\"image\",\"width\":2000,\"height\":1333,\"sizes\":{\"thumbnail\":{\"height\":150,\"width\":150,\"url\":\"https:\/\/hochrheinjournal-wt.de\/wp-content\/uploads\/2025\/03\/Vom-Korn-zum-Brot-91-150x150.jpg\",\"orientation\":\"landscape\"},\"medium\":{\"height\":200,\"width\":300,\"url\":\"https:\/\/hochrheinjournal-wt.de\/wp-content\/uploads\/2025\/03\/Vom-Korn-zum-Brot-91-300x200.jpg\",\"orientation\":\"landscape\"},\"large\":{\"height\":682,\"width\":1024,\"url\":\"https:\/\/hochrheinjournal-wt.de\/wp-content\/uploads\/2025\/03\/Vom-Korn-zum-Brot-91-1024x682.jpg\",\"orientation\":\"landscape\"},\"full\":{\"url\":\"https:\/\/hochrheinjournal-wt.de\/wp-content\/uploads\/2025\/03\/Vom-Korn-zum-Brot-91.jpg\",\"height\":1333,\"width\":2000,\"orientation\":\"landscape\"}},\"imageMeta\":{\"aperture\":\"9\",\"credit\":\"\",\"camera\":\"ILCE-9M2\",\"caption\":\"\",\"created_timestamp\":\"1742644191\",\"copyright\":\"\",\"focal_length\":\"70\",\"iso\":\"2000\",\"shutter_speed\":\"0.005\",\"title\":\"\",\"orientation\":\"0\",\"keywords\":[]},\"meta\":false,\"postlink\":\"https:\/\/hochrheinjournal-wt.de\/?attachment_id=31246\"},{\"id\":31247,\"title\":\"Vom Korn zum Brot-92\",\"url\":\"https:\/\/hochrheinjournal-wt.de\/wp-content\/uploads\/2025\/03\/Vom-Korn-zum-Brot-92.jpg\",\"link\":\"https:\/\/hochrheinjournal-wt.de\/?attachment_id=31247\",\"alt\":\"\",\"description\":\"\",\"caption\":\"\",\"mime\":\"image\/jpeg\",\"type\":\"image\",\"width\":2000,\"height\":1333,\"sizes\":{\"thumbnail\":{\"height\":150,\"width\":150,\"url\":\"https:\/\/hochrheinjournal-wt.de\/wp-content\/uploads\/2025\/03\/Vom-Korn-zum-Brot-92-150x150.jpg\",\"orientation\":\"landscape\"},\"medium\":{\"height\":200,\"width\":300,\"url\":\"https:\/\/hochrheinjournal-wt.de\/wp-content\/uploads\/2025\/03\/Vom-Korn-zum-Brot-92-300x200.jpg\",\"orientation\":\"landscape\"},\"large\":{\"height\":682,\"width\":1024,\"url\":\"https:\/\/hochrheinjournal-wt.de\/wp-content\/uploads\/2025\/03\/Vom-Korn-zum-Brot-92-1024x682.jpg\",\"orientation\":\"landscape\"},\"full\":{\"url\":\"https:\/\/hochrheinjournal-wt.de\/wp-content\/uploads\/2025\/03\/Vom-Korn-zum-Brot-92.jpg\",\"height\":1333,\"width\":2000,\"orientation\":\"landscape\"}},\"imageMeta\":{\"aperture\":\"9\",\"credit\":\"\",\"camera\":\"ILCE-9M2\",\"caption\":\"\",\"created_timestamp\":\"1742644195\",\"copyright\":\"\",\"focal_length\":\"70\",\"iso\":\"2000\",\"shutter_speed\":\"0.005\",\"title\":\"\",\"orientation\":\"0\",\"keywords\":[]},\"meta\":false,\"postlink\":\"https:\/\/hochrheinjournal-wt.de\/?attachment_id=31247\"},{\"id\":31248,\"title\":\"Vom Korn zum Brot-93\",\"url\":\"https:\/\/hochrheinjournal-wt.de\/wp-content\/uploads\/2025\/03\/Vom-Korn-zum-Brot-93.jpg\",\"link\":\"https:\/\/hochrheinjournal-wt.de\/?attachment_id=31248\",\"alt\":\"\",\"description\":\"\",\"caption\":\"\",\"mime\":\"image\/jpeg\",\"type\":\"image\",\"width\":2000,\"height\":1333,\"sizes\":{\"thumbnail\":{\"height\":150,\"width\":150,\"url\":\"https:\/\/hochrheinjournal-wt.de\/wp-content\/uploads\/2025\/03\/Vom-Korn-zum-Brot-93-150x150.jpg\",\"orientation\":\"landscape\"},\"medium\":{\"height\":200,\"width\":300,\"url\":\"https:\/\/hochrheinjournal-wt.de\/wp-content\/uploads\/2025\/03\/Vom-Korn-zum-Brot-93-300x200.jpg\",\"orientation\":\"landscape\"},\"large\":{\"height\":682,\"width\":1024,\"url\":\"https:\/\/hochrheinjournal-wt.de\/wp-content\/uploads\/2025\/03\/Vom-Korn-zum-Brot-93-1024x682.jpg\",\"orientation\":\"landscape\"},\"full\":{\"url\":\"https:\/\/hochrheinjournal-wt.de\/wp-content\/uploads\/2025\/03\/Vom-Korn-zum-Brot-93.jpg\",\"height\":1333,\"width\":2000,\"orientation\":\"landscape\"}},\"imageMeta\":{\"aperture\":\"9\",\"credit\":\"\",\"camera\":\"ILCE-9M2\",\"caption\":\"\",\"created_timestamp\":\"1742644237\",\"copyright\":\"\",\"focal_length\":\"57\",\"iso\":\"2000\",\"shutter_speed\":\"0.005\",\"title\":\"\",\"orientation\":\"0\",\"keywords\":[]},\"meta\":false,\"postlink\":\"https:\/\/hochrheinjournal-wt.de\/?attachment_id=31248\"},{\"id\":31249,\"title\":\"Vom Korn zum Brot-94\",\"url\":\"https:\/\/hochrheinjournal-wt.de\/wp-content\/uploads\/2025\/03\/Vom-Korn-zum-Brot-94.jpg\",\"link\":\"https:\/\/hochrheinjournal-wt.de\/?attachment_id=31249\",\"alt\":\"\",\"description\":\"\",\"caption\":\"\",\"mime\":\"image\/jpeg\",\"type\":\"image\",\"width\":2000,\"height\":1333,\"sizes\":{\"thumbnail\":{\"height\":150,\"width\":150,\"url\":\"https:\/\/hochrheinjournal-wt.de\/wp-content\/uploads\/2025\/03\/Vom-Korn-zum-Brot-94-150x150.jpg\",\"orientation\":\"landscape\"},\"medium\":{\"height\":200,\"width\":300,\"url\":\"https:\/\/hochrheinjournal-wt.de\/wp-content\/uploads\/2025\/03\/Vom-Korn-zum-Brot-94-300x200.jpg\",\"orientation\":\"landscape\"},\"large\":{\"height\":682,\"width\":1024,\"url\":\"https:\/\/hochrheinjournal-wt.de\/wp-content\/uploads\/2025\/03\/Vom-Korn-zum-Brot-94-1024x682.jpg\",\"orientation\":\"landscape\"},\"full\":{\"url\":\"https:\/\/hochrheinjournal-wt.de\/wp-content\/uploads\/2025\/03\/Vom-Korn-zum-Brot-94.jpg\",\"height\":1333,\"width\":2000,\"orientation\":\"landscape\"}},\"imageMeta\":{\"aperture\":\"9\",\"credit\":\"\",\"camera\":\"ILCE-9M2\",\"caption\":\"\",\"created_timestamp\":\"1742644250\",\"copyright\":\"\",\"focal_length\":\"38\",\"iso\":\"2000\",\"shutter_speed\":\"0.005\",\"title\":\"\",\"orientation\":\"0\",\"keywords\":[]},\"meta\":false,\"postlink\":\"https:\/\/hochrheinjournal-wt.de\/?attachment_id=31249\"},{\"id\":31250,\"title\":\"Vom Korn zum Brot-95\",\"url\":\"https:\/\/hochrheinjournal-wt.de\/wp-content\/uploads\/2025\/03\/Vom-Korn-zum-Brot-95.jpg\",\"link\":\"https:\/\/hochrheinjournal-wt.de\/?attachment_id=31250\",\"alt\":\"\",\"description\":\"\",\"caption\":\"\",\"mime\":\"image\/jpeg\",\"type\":\"image\",\"width\":2000,\"height\":1333,\"sizes\":{\"thumbnail\":{\"height\":150,\"width\":150,\"url\":\"https:\/\/hochrheinjournal-wt.de\/wp-content\/uploads\/2025\/03\/Vom-Korn-zum-Brot-95-150x150.jpg\",\"orientation\":\"landscape\"},\"medium\":{\"height\":200,\"width\":300,\"url\":\"https:\/\/hochrheinjournal-wt.de\/wp-content\/uploads\/2025\/03\/Vom-Korn-zum-Brot-95-300x200.jpg\",\"orientation\":\"landscape\"},\"large\":{\"height\":682,\"width\":1024,\"url\":\"https:\/\/hochrheinjournal-wt.de\/wp-content\/uploads\/2025\/03\/Vom-Korn-zum-Brot-95-1024x682.jpg\",\"orientation\":\"landscape\"},\"full\":{\"url\":\"https:\/\/hochrheinjournal-wt.de\/wp-content\/uploads\/2025\/03\/Vom-Korn-zum-Brot-95.jpg\",\"height\":1333,\"width\":2000,\"orientation\":\"landscape\"}},\"imageMeta\":{\"aperture\":\"9\",\"credit\":\"\",\"camera\":\"ILCE-9M2\",\"caption\":\"\",\"created_timestamp\":\"1742644280\",\"copyright\":\"\",\"focal_length\":\"70\",\"iso\":\"2000\",\"shutter_speed\":\"0.005\",\"title\":\"\",\"orientation\":\"0\",\"keywords\":[]},\"meta\":false,\"postlink\":\"https:\/\/hochrheinjournal-wt.de\/?attachment_id=31250\"},{\"id\":31251,\"title\":\"Vom Korn zum Brot-96\",\"url\":\"https:\/\/hochrheinjournal-wt.de\/wp-content\/uploads\/2025\/03\/Vom-Korn-zum-Brot-96.jpg\",\"link\":\"https:\/\/hochrheinjournal-wt.de\/?attachment_id=31251\",\"alt\":\"\",\"description\":\"\",\"caption\":\"\",\"mime\":\"image\/jpeg\",\"type\":\"image\",\"width\":2000,\"height\":1333,\"sizes\":{\"thumbnail\":{\"height\":150,\"width\":150,\"url\":\"https:\/\/hochrheinjournal-wt.de\/wp-content\/uploads\/2025\/03\/Vom-Korn-zum-Brot-96-150x150.jpg\",\"orientation\":\"landscape\"},\"medium\":{\"height\":200,\"width\":300,\"url\":\"https:\/\/hochrheinjournal-wt.de\/wp-content\/uploads\/2025\/03\/Vom-Korn-zum-Brot-96-300x200.jpg\",\"orientation\":\"landscape\"},\"large\":{\"height\":682,\"width\":1024,\"url\":\"https:\/\/hochrheinjournal-wt.de\/wp-content\/uploads\/2025\/03\/Vom-Korn-zum-Brot-96-1024x682.jpg\",\"orientation\":\"landscape\"},\"full\":{\"url\":\"https:\/\/hochrheinjournal-wt.de\/wp-content\/uploads\/2025\/03\/Vom-Korn-zum-Brot-96.jpg\",\"height\":1333,\"width\":2000,\"orientation\":\"landscape\"}},\"imageMeta\":{\"aperture\":\"9\",\"credit\":\"\",\"camera\":\"ILCE-9M2\",\"caption\":\"\",\"created_timestamp\":\"1742644332\",\"copyright\":\"\",\"focal_length\":\"24\",\"iso\":\"2000\",\"shutter_speed\":\"0.005\",\"title\":\"\",\"orientation\":\"0\",\"keywords\":[]},\"meta\":false,\"postlink\":\"https:\/\/hochrheinjournal-wt.de\/?attachment_id=31251\"},{\"id\":31252,\"title\":\"Vom Korn zum Brot-97\",\"url\":\"https:\/\/hochrheinjournal-wt.de\/wp-content\/uploads\/2025\/03\/Vom-Korn-zum-Brot-97.jpg\",\"link\":\"https:\/\/hochrheinjournal-wt.de\/?attachment_id=31252\",\"alt\":\"\",\"description\":\"\",\"caption\":\"\",\"mime\":\"image\/jpeg\",\"type\":\"image\",\"width\":2000,\"height\":1334,\"sizes\":{\"thumbnail\":{\"height\":150,\"width\":150,\"url\":\"https:\/\/hochrheinjournal-wt.de\/wp-content\/uploads\/2025\/03\/Vom-Korn-zum-Brot-97-150x150.jpg\",\"orientation\":\"landscape\"},\"medium\":{\"height\":200,\"width\":300,\"url\":\"https:\/\/hochrheinjournal-wt.de\/wp-content\/uploads\/2025\/03\/Vom-Korn-zum-Brot-97-300x200.jpg\",\"orientation\":\"landscape\"},\"large\":{\"height\":683,\"width\":1024,\"url\":\"https:\/\/hochrheinjournal-wt.de\/wp-content\/uploads\/2025\/03\/Vom-Korn-zum-Brot-97-1024x683.jpg\",\"orientation\":\"landscape\"},\"full\":{\"url\":\"https:\/\/hochrheinjournal-wt.de\/wp-content\/uploads\/2025\/03\/Vom-Korn-zum-Brot-97.jpg\",\"height\":1334,\"width\":2000,\"orientation\":\"landscape\"}},\"imageMeta\":{\"aperture\":\"11\",\"credit\":\"\",\"camera\":\"ILCE-9M2\",\"caption\":\"\",\"created_timestamp\":\"1742644340\",\"copyright\":\"\",\"focal_length\":\"24\",\"iso\":\"2000\",\"shutter_speed\":\"0.005\",\"title\":\"\",\"orientation\":\"0\",\"keywords\":[]},\"meta\":false,\"postlink\":\"https:\/\/hochrheinjournal-wt.de\/?attachment_id=31252\"},{\"id\":31253,\"title\":\"Vom Korn zum Brot-98\",\"url\":\"https:\/\/hochrheinjournal-wt.de\/wp-content\/uploads\/2025\/03\/Vom-Korn-zum-Brot-98.jpg\",\"link\":\"https:\/\/hochrheinjournal-wt.de\/?attachment_id=31253\",\"alt\":\"\",\"description\":\"\",\"caption\":\"\",\"mime\":\"image\/jpeg\",\"type\":\"image\",\"width\":2000,\"height\":1334,\"sizes\":{\"thumbnail\":{\"height\":150,\"width\":150,\"url\":\"https:\/\/hochrheinjournal-wt.de\/wp-content\/uploads\/2025\/03\/Vom-Korn-zum-Brot-98-150x150.jpg\",\"orientation\":\"landscape\"},\"medium\":{\"height\":200,\"width\":300,\"url\":\"https:\/\/hochrheinjournal-wt.de\/wp-content\/uploads\/2025\/03\/Vom-Korn-zum-Brot-98-300x200.jpg\",\"orientation\":\"landscape\"},\"large\":{\"height\":683,\"width\":1024,\"url\":\"https:\/\/hochrheinjournal-wt.de\/wp-content\/uploads\/2025\/03\/Vom-Korn-zum-Brot-98-1024x683.jpg\",\"orientation\":\"landscape\"},\"full\":{\"url\":\"https:\/\/hochrheinjournal-wt.de\/wp-content\/uploads\/2025\/03\/Vom-Korn-zum-Brot-98.jpg\",\"height\":1334,\"width\":2000,\"orientation\":\"landscape\"}},\"imageMeta\":{\"aperture\":\"11\",\"credit\":\"\",\"camera\":\"ILCE-9M2\",\"caption\":\"\",\"created_timestamp\":\"1742644354\",\"copyright\":\"\",\"focal_length\":\"24\",\"iso\":\"2000\",\"shutter_speed\":\"0.005\",\"title\":\"\",\"orientation\":\"0\",\"keywords\":[]},\"meta\":false,\"postlink\":\"https:\/\/hochrheinjournal-wt.de\/?attachment_id=31253\"},{\"id\":31254,\"title\":\"Vom Korn zum Brot-99\",\"url\":\"https:\/\/hochrheinjournal-wt.de\/wp-content\/uploads\/2025\/03\/Vom-Korn-zum-Brot-99.jpg\",\"link\":\"https:\/\/hochrheinjournal-wt.de\/?attachment_id=31254\",\"alt\":\"\",\"description\":\"\",\"caption\":\"\",\"mime\":\"image\/jpeg\",\"type\":\"image\",\"width\":2000,\"height\":1333,\"sizes\":{\"thumbnail\":{\"height\":150,\"width\":150,\"url\":\"https:\/\/hochrheinjournal-wt.de\/wp-content\/uploads\/2025\/03\/Vom-Korn-zum-Brot-99-150x150.jpg\",\"orientation\":\"landscape\"},\"medium\":{\"height\":200,\"width\":300,\"url\":\"https:\/\/hochrheinjournal-wt.de\/wp-content\/uploads\/2025\/03\/Vom-Korn-zum-Brot-99-300x200.jpg\",\"orientation\":\"landscape\"},\"large\":{\"height\":682,\"width\":1024,\"url\":\"https:\/\/hochrheinjournal-wt.de\/wp-content\/uploads\/2025\/03\/Vom-Korn-zum-Brot-99-1024x682.jpg\",\"orientation\":\"landscape\"},\"full\":{\"url\":\"https:\/\/hochrheinjournal-wt.de\/wp-content\/uploads\/2025\/03\/Vom-Korn-zum-Brot-99.jpg\",\"height\":1333,\"width\":2000,\"orientation\":\"landscape\"}},\"imageMeta\":{\"aperture\":\"11\",\"credit\":\"\",\"camera\":\"ILCE-9M2\",\"caption\":\"\",\"created_timestamp\":\"1742644438\",\"copyright\":\"\",\"focal_length\":\"24\",\"iso\":\"2000\",\"shutter_speed\":\"0.005\",\"title\":\"\",\"orientation\":\"0\",\"keywords\":[]},\"meta\":false,\"postlink\":\"https:\/\/hochrheinjournal-wt.de\/?attachment_id=31254\"}],\"itemsMetaDataCollection\":[]}<\/script><script>(function(){if(window.PGC_SGB && window.PGC_SGB.searcher){window.PGC_SGB.searcher.initBlocks()}})()<\/script><\/div>","protected":false},"excerpt":{"rendered":"<p>Toller Workshop im Abenteuerland von den Naturp\u00e4dagoginnen Rita Cafararo und Daniela K\u00f6ble vom Familienzentrum Hochrhein.F\u00fcr die meisten Kinder geh\u00f6ren Brot und Br\u00f6tchen zur allt\u00e4glichen Erfahrungswelt. Aber woher das Getreide kommt, das wissen nicht mehr so viele.<\/p>\n","protected":false},"author":2,"featured_media":31255,"comment_status":"open","ping_status":"open","sticky":false,"template":"","format":"standard","meta":{"pgc_sgb_lightbox_settings":"","footnotes":""},"categories":[164,3],"tags":[],"class_list":["post-31155","post","type-post","status-publish","format-standard","has-post-thumbnail","hentry","category-auftrag","category-veranstaltungen"],"_links":{"self":[{"href":"https:\/\/hochrheinjournal-wt.de\/index.php?rest_route=\/wp\/v2\/posts\/31155","targetHints":{"allow":["GET"]}}],"collection":[{"href":"https:\/\/hochrheinjournal-wt.de\/index.php?rest_route=\/wp\/v2\/posts"}],"about":[{"href":"https:\/\/hochrheinjournal-wt.de\/index.php?rest_route=\/wp\/v2\/types\/post"}],"author":[{"embeddable":true,"href":"https:\/\/hochrheinjournal-wt.de\/index.php?rest_route=\/wp\/v2\/users\/2"}],"replies":[{"embeddable":true,"href":"https:\/\/hochrheinjournal-wt.de\/index.php?rest_route=%2Fwp%2Fv2%2Fcomments&post=31155"}],"version-history":[{"count":1,"href":"https:\/\/hochrheinjournal-wt.de\/index.php?rest_route=\/wp\/v2\/posts\/31155\/revisions"}],"predecessor-version":[{"id":31256,"href":"https:\/\/hochrheinjournal-wt.de\/index.php?rest_route=\/wp\/v2\/posts\/31155\/revisions\/31256"}],"wp:featuredmedia":[{"embeddable":true,"href":"https:\/\/hochrheinjournal-wt.de\/index.php?rest_route=\/wp\/v2\/media\/31255"}],"wp:attachment":[{"href":"https:\/\/hochrheinjournal-wt.de\/index.php?rest_route=%2Fwp%2Fv2%2Fmedia&parent=31155"}],"wp:term":[{"taxonomy":"category","embeddable":true,"href":"https:\/\/hochrheinjournal-wt.de\/index.php?rest_route=%2Fwp%2Fv2%2Fcategories&post=31155"},{"taxonomy":"post_tag","embeddable":true,"href":"https:\/\/hochrheinjournal-wt.de\/index.php?rest_route=%2Fwp%2Fv2%2Ftags&post=31155"}],"curies":[{"name":"wp","href":"https:\/\/api.w.org\/{rel}","templated":true}]}}